{"id":1327,"date":"2024-06-21T10:38:32","date_gmt":"2024-06-21T10:38:32","guid":{"rendered":"https:\/\/dascoachingbyks.de\/cms\/?p=1327"},"modified":"2024-06-21T10:38:32","modified_gmt":"2024-06-21T10:38:32","slug":"mitarbeiterentwicklung-faengt-ganz-vorne-an","status":"publish","type":"post","link":"https:\/\/dascoachingbyks.de\/cms\/mitarbeiterentwicklung-faengt-ganz-vorne-an\/","title":{"rendered":"Mitarbeiterentwicklung f\u00e4ngt ganz vorne an"},"content":{"rendered":"<div class=\"fusion-fullwidth fullwidth-box fusion-builder-row-1 fusion-flex-container has-pattern-background has-mask-background nonhundred-percent-fullwidth non-hundred-percent-height-scrolling\" style=\"--awb-border-radius-top-left:0px;--awb-border-radius-top-right:0px;--awb-border-radius-bottom-right:0px;--awb-border-radius-bottom-left:0px;--awb-margin-top:100px;--awb-margin-bottom:100px;\" ><div class=\"fusion-builder-row fusion-row fusion-flex-align-items-flex-start\" style=\"max-width:1248px;margin-left: calc(-4% \/ 2 );margin-right: calc(-4% \/ 2 );\"><div class=\"fusion-layout-column fusion_builder_column fusion-builder-column-0 fusion_builder_column_1_1 1_1 fusion-flex-column\" style=\"--awb-bg-size:cover;--awb-width-large:100%;--awb-margin-top-large:0px;--awb-spacing-right-large:1.92%;--awb-margin-bottom-large:20px;--awb-spacing-left-large:1.92%;--awb-width-medium:100%;--awb-order-medium:0;--awb-spacing-right-medium:1.92%;--awb-spacing-left-medium:1.92%;--awb-width-small:100%;--awb-order-small:0;--awb-spacing-right-small:1.92%;--awb-spacing-left-small:1.92%;\"><div class=\"fusion-column-wrapper fusion-column-has-shadow fusion-flex-justify-content-flex-start fusion-content-layout-column\"><div class=\"fusion-title title fusion-title-1 fusion-sep-none fusion-title-text fusion-title-size-five\" style=\"--awb-text-color:var(--awb-color8);\"><h5 class=\"title-heading-left fusion-responsive-typography-calculated\" style=\"margin:0;text-transform:none;--fontSize:30;line-height:var(--awb-typography1-line-height);\"><p style=\"text-align: left;\"><strong>Mitarbeiterentwicklung f\u00e4ngt ganz vorne an<\/strong><\/p><\/h5><\/div><div class=\"fusion-title title fusion-title-2 fusion-sep-none fusion-title-text fusion-title-size-six\" style=\"--awb-text-color:var(--awb-color1);\"><h6 class=\"title-heading-left fusion-responsive-typography-calculated\" style=\"margin:0;text-transform:none;--fontSize:16;--minFontSize:16;line-height:var(--awb-typography1-line-height);\"><strong><br \/>\n<\/strong><\/p><\/h6><\/div><div class=\"fusion-separator fusion-full-width-sep\" style=\"align-self: center;margin-left: auto;margin-right: auto;margin-top:4%;width:100%;\"><\/div><div class=\"fusion-text fusion-text-1\"><\/div>\n<p>Wie oft besch\u00e4ftigen wir uns in Sachen Personalentwicklung mit den F\u00fchrungskr\u00e4ften oder Nachwuchsf\u00fchrungskr\u00e4ften?<br \/>\nWorkshops f\u00fcr diese Zielgruppe gibt es in sehr hoher Anzahl. Hier werden die F\u00fchrungswerkzeuge geschult, die in der<br \/>\nt\u00e4glichen Arbeit mit den Mitarbeitern von gro\u00dfer Bedeutung sind. Ich selbst setze solche Workshops mit Leidenschaft um.<\/p>\n<p>Mir hat sich allerdings die Frage gestellt, worauf ein Unternehmen in Sachen Mitarbeiterbindung, noch achten sollte. Dabei kam mir der<br \/>\nGedanke, direkt an der Basis anzufangen. Es ist schon schwer genug, in der heutigen Zeit Auszubildende f\u00fcr einen Beruf zu rekrutieren.<br \/>\nWenn man diese dann gefunden hat, ist es doch durchaus sinnvoll zu schauen, wie ich es als Arbeitgeber schaffe, die jungen Leute<br \/>\nfest an mich zu binden. In der Regel funktioniert dies immer dann besonders gut, wenn sich der Mitarbeiter mit dem Unternehmen<br \/>\nidentifizieren kann. Ein Weg dies zu erreichen kann zum Beispiel \u00fcber die pers\u00f6nlichen Werte gehen.<br \/>\nLaut Studyflix und der Plattform Karriere Bibel sind unter anderem folgende Werte der Generation Z, unseren Azubis von heut, besonders wichtig:<\/p>\n<p>&#8211; Gesundheit<br \/>\n&#8211; Nachhaltigkeit<br \/>\n&#8211; Individualit\u00e4t<br \/>\n&#8211; Familie und Freundschaft<br \/>\n&#8211; Gerechtigkeit und Diversit\u00e4t<\/p>\n<p>Wie w\u00e4re es, wenn wir durch ein Konzept mehrere Felder bedienen k\u00f6nnten?<br \/>\nDie \u00dcberschrift hei\u00dft Azubibindung!<br \/>\nDer Weg dorthin, wird \u00fcber gemeinsame Projekte mit Themen wie Nachhaltigkeit, soziales Engagement, Teamwork, aber auch Personalentwicklungsthemen, wie<br \/>\nKommunikation, Umgang mit Konflikten, Ver\u00e4nderung der Blickwinkel und Wertearbeit best\u00fcckt sein. Wir erreichen dadurch ein Wir-Gef\u00fchl und eine Strahlkraft f\u00fcr das Unternehmen nach au\u00dfen. Ich denke es ist wichtig die Auszubildenden genau dabei mit ihren Kompetenzen mitzunehmen. Social Media ist aktuell die gr\u00f6\u00dfte Vermarktungsm\u00f6glichkeit f\u00fcr Unternehmen und genau dort sind die Azubis von heute extrem stark vertreten.<br \/>\nGemeinsam kann auch generations\u00fcbergreifend noch mehr erreicht werden.<br \/>\nLosgel\u00f6st von der weiterhin wichtigen Entwicklung der F\u00fchrungsthemen, empfinde ich die Zusammenarbeit im Bereich der Auszubildenden als \u00fcberaus spannend.<\/p>\n<p><span class=\"OYPEnA text-decoration-none text-strikethrough-none\">\u00a0<\/span><\/p>\n<div class=\"fusion-separator fusion-full-width-sep\" style=\"align-self: center;margin-left: auto;margin-right: auto;margin-top:4%;width:100%;\"><\/div><div style=\"text-align:left;\"><a class=\"fusion-button button-flat fusion-button-default-size button-default fusion-button-default button-1 fusion-button-default-span fusion-button-default-type\" target=\"_self\" href=\"https:\/\/dascoachingbyks.de\/cms\/index.php\/blog\"><span class=\"fusion-button-text\">ZUR\u00dcCK ZU DEN NEWS<\/span><\/a><\/div><\/div><\/div><\/div><\/div>\n","protected":false},"excerpt":{"rendered":"","protected":false},"author":2,"featured_media":1233,"comment_status":"open","ping_status":"open","sticky":false,"template":"","format":"standard","meta":[],"categories":[1],"tags":[],"yoast_head":"<!-- This site is optimized with the Yoast SEO plugin v20.5 - https:\/\/yoast.com\/wordpress\/plugins\/seo\/ -->\n<title>Mitarbeiterentwicklung f\u00e4ngt ganz vorne an - Das Coaching by Kathrin Schmid<\/title>\n<meta name=\"robots\" content=\"index, follow, max-snippet:-1, max-image-preview:large, max-video-preview:-1\" \/>\n<link rel=\"canonical\" href=\"https:\/\/dascoachingbyks.de\/cms\/mitarbeiterentwicklung-faengt-ganz-vorne-an\/\" \/>\n<meta property=\"og:locale\" content=\"de_DE\" \/>\n<meta property=\"og:type\" content=\"article\" \/>\n<meta property=\"og:title\" content=\"Mitarbeiterentwicklung f\u00e4ngt ganz vorne an - Das Coaching by Kathrin Schmid\" \/>\n<meta property=\"og:url\" content=\"https:\/\/dascoachingbyks.de\/cms\/mitarbeiterentwicklung-faengt-ganz-vorne-an\/\" \/>\n<meta property=\"og:site_name\" content=\"Das Coaching by Kathrin Schmid\" \/>\n<meta property=\"article:published_time\" content=\"2024-06-21T10:38:32+00:00\" \/>\n<meta property=\"og:image\" content=\"https:\/\/dascoachingbyks.de\/cms\/wp-content\/uploads\/2023\/10\/Foto-7-scaled.jpg\" \/>\n\t<meta property=\"og:image:width\" content=\"2560\" \/>\n\t<meta property=\"og:image:height\" content=\"1920\" \/>\n\t<meta property=\"og:image:type\" content=\"image\/jpeg\" \/>\n<meta name=\"author\" content=\"Karin\" \/>\n<meta name=\"twitter:card\" content=\"summary_large_image\" \/>\n<meta name=\"twitter:label1\" content=\"Verfasst von\" \/>\n\t<meta name=\"twitter:data1\" content=\"Karin\" \/>\n\t<meta name=\"twitter:label2\" content=\"Gesch\u00e4tzte Lesezeit\" \/>\n\t<meta name=\"twitter:data2\" content=\"5\u00a0Minuten\" \/>\n<script type=\"application\/ld+json\" class=\"yoast-schema-graph\">{\"@context\":\"https:\/\/schema.org\",\"@graph\":[{\"@type\":\"Article\",\"@id\":\"https:\/\/dascoachingbyks.de\/cms\/mitarbeiterentwicklung-faengt-ganz-vorne-an\/#article\",\"isPartOf\":{\"@id\":\"https:\/\/dascoachingbyks.de\/cms\/mitarbeiterentwicklung-faengt-ganz-vorne-an\/\"},\"author\":{\"name\":\"Karin\",\"@id\":\"https:\/\/dascoachingbyks.de\/cms\/#\/schema\/person\/5edfa7f0bbae67979652656d1ae1385a\"},\"headline\":\"Mitarbeiterentwicklung f\u00e4ngt ganz vorne an\",\"datePublished\":\"2024-06-21T10:38:32+00:00\",\"dateModified\":\"2024-06-21T10:38:32+00:00\",\"mainEntityOfPage\":{\"@id\":\"https:\/\/dascoachingbyks.de\/cms\/mitarbeiterentwicklung-faengt-ganz-vorne-an\/\"},\"wordCount\":1679,\"commentCount\":0,\"publisher\":{\"@id\":\"https:\/\/dascoachingbyks.de\/cms\/#organization\"},\"articleSection\":[\"Uncategorized\"],\"inLanguage\":\"de\",\"potentialAction\":[{\"@type\":\"CommentAction\",\"name\":\"Comment\",\"target\":[\"https:\/\/dascoachingbyks.de\/cms\/mitarbeiterentwicklung-faengt-ganz-vorne-an\/#respond\"]}]},{\"@type\":\"WebPage\",\"@id\":\"https:\/\/dascoachingbyks.de\/cms\/mitarbeiterentwicklung-faengt-ganz-vorne-an\/\",\"url\":\"https:\/\/dascoachingbyks.de\/cms\/mitarbeiterentwicklung-faengt-ganz-vorne-an\/\",\"name\":\"Mitarbeiterentwicklung f\u00e4ngt ganz vorne an - Das Coaching by Kathrin Schmid\",\"isPartOf\":{\"@id\":\"https:\/\/dascoachingbyks.de\/cms\/#website\"},\"datePublished\":\"2024-06-21T10:38:32+00:00\",\"dateModified\":\"2024-06-21T10:38:32+00:00\",\"breadcrumb\":{\"@id\":\"https:\/\/dascoachingbyks.de\/cms\/mitarbeiterentwicklung-faengt-ganz-vorne-an\/#breadcrumb\"},\"inLanguage\":\"de\",\"potentialAction\":[{\"@type\":\"ReadAction\",\"target\":[\"https:\/\/dascoachingbyks.de\/cms\/mitarbeiterentwicklung-faengt-ganz-vorne-an\/\"]}]},{\"@type\":\"BreadcrumbList\",\"@id\":\"https:\/\/dascoachingbyks.de\/cms\/mitarbeiterentwicklung-faengt-ganz-vorne-an\/#breadcrumb\",\"itemListElement\":[{\"@type\":\"ListItem\",\"position\":1,\"name\":\"Startseite\",\"item\":\"https:\/\/dascoachingbyks.de\/cms\/\"},{\"@type\":\"ListItem\",\"position\":2,\"name\":\"Mitarbeiterentwicklung f\u00e4ngt ganz vorne an\"}]},{\"@type\":\"WebSite\",\"@id\":\"https:\/\/dascoachingbyks.de\/cms\/#website\",\"url\":\"https:\/\/dascoachingbyks.de\/cms\/\",\"name\":\"Das Coaching by Kathrin Schmid\",\"description\":\"Deinen Aufstieg Starten\",\"publisher\":{\"@id\":\"https:\/\/dascoachingbyks.de\/cms\/#organization\"},\"potentialAction\":[{\"@type\":\"SearchAction\",\"target\":{\"@type\":\"EntryPoint\",\"urlTemplate\":\"https:\/\/dascoachingbyks.de\/cms\/?s={search_term_string}\"},\"query-input\":\"required name=search_term_string\"}],\"inLanguage\":\"de\"},{\"@type\":\"Organization\",\"@id\":\"https:\/\/dascoachingbyks.de\/cms\/#organization\",\"name\":\"das Coaching by KS\",\"url\":\"https:\/\/dascoachingbyks.de\/cms\/\",\"logo\":{\"@type\":\"ImageObject\",\"inLanguage\":\"de\",\"@id\":\"https:\/\/dascoachingbyks.de\/cms\/#\/schema\/logo\/image\/\",\"url\":\"https:\/\/dascoachingbyks.de\/cms\/wp-content\/uploads\/2022\/06\/das-coaching-Logo2021-fin.jpg\",\"contentUrl\":\"https:\/\/dascoachingbyks.de\/cms\/wp-content\/uploads\/2022\/06\/das-coaching-Logo2021-fin.jpg\",\"width\":2500,\"height\":1047,\"caption\":\"das Coaching by KS\"},\"image\":{\"@id\":\"https:\/\/dascoachingbyks.de\/cms\/#\/schema\/logo\/image\/\"}},{\"@type\":\"Person\",\"@id\":\"https:\/\/dascoachingbyks.de\/cms\/#\/schema\/person\/5edfa7f0bbae67979652656d1ae1385a\",\"name\":\"Karin\",\"image\":{\"@type\":\"ImageObject\",\"inLanguage\":\"de\",\"@id\":\"https:\/\/dascoachingbyks.de\/cms\/#\/schema\/person\/image\/\",\"url\":\"https:\/\/secure.gravatar.com\/avatar\/5d5bb6780dcccd9ae9244c24b86e95b3?s=96&d=mm&r=g\",\"contentUrl\":\"https:\/\/secure.gravatar.com\/avatar\/5d5bb6780dcccd9ae9244c24b86e95b3?s=96&d=mm&r=g\",\"caption\":\"Karin\"},\"url\":\"https:\/\/dascoachingbyks.de\/cms\/author\/grafik\/\"}]}<\/script>\n<!-- \/ Yoast SEO plugin. -->","yoast_head_json":{"title":"Mitarbeiterentwicklung f\u00e4ngt ganz vorne an - Das Coaching by Kathrin Schmid","robots":{"index":"index","follow":"follow","max-snippet":"max-snippet:-1","max-image-preview":"max-image-preview:large","max-video-preview":"max-video-preview:-1"},"canonical":"https:\/\/dascoachingbyks.de\/cms\/mitarbeiterentwicklung-faengt-ganz-vorne-an\/","og_locale":"de_DE","og_type":"article","og_title":"Mitarbeiterentwicklung f\u00e4ngt ganz vorne an - Das Coaching by Kathrin Schmid","og_url":"https:\/\/dascoachingbyks.de\/cms\/mitarbeiterentwicklung-faengt-ganz-vorne-an\/","og_site_name":"Das Coaching by Kathrin Schmid","article_published_time":"2024-06-21T10:38:32+00:00","og_image":[{"width":2560,"height":1920,"url":"https:\/\/dascoachingbyks.de\/cms\/wp-content\/uploads\/2023\/10\/Foto-7-scaled.jpg","type":"image\/jpeg"}],"author":"Karin","twitter_card":"summary_large_image","twitter_misc":{"Verfasst von":"Karin","Gesch\u00e4tzte Lesezeit":"5\u00a0Minuten"},"schema":{"@context":"https:\/\/schema.org","@graph":[{"@type":"Article","@id":"https:\/\/dascoachingbyks.de\/cms\/mitarbeiterentwicklung-faengt-ganz-vorne-an\/#article","isPartOf":{"@id":"https:\/\/dascoachingbyks.de\/cms\/mitarbeiterentwicklung-faengt-ganz-vorne-an\/"},"author":{"name":"Karin","@id":"https:\/\/dascoachingbyks.de\/cms\/#\/schema\/person\/5edfa7f0bbae67979652656d1ae1385a"},"headline":"Mitarbeiterentwicklung f\u00e4ngt ganz vorne an","datePublished":"2024-06-21T10:38:32+00:00","dateModified":"2024-06-21T10:38:32+00:00","mainEntityOfPage":{"@id":"https:\/\/dascoachingbyks.de\/cms\/mitarbeiterentwicklung-faengt-ganz-vorne-an\/"},"wordCount":1679,"commentCount":0,"publisher":{"@id":"https:\/\/dascoachingbyks.de\/cms\/#organization"},"articleSection":["Uncategorized"],"inLanguage":"de","potentialAction":[{"@type":"CommentAction","name":"Comment","target":["https:\/\/dascoachingbyks.de\/cms\/mitarbeiterentwicklung-faengt-ganz-vorne-an\/#respond"]}]},{"@type":"WebPage","@id":"https:\/\/dascoachingbyks.de\/cms\/mitarbeiterentwicklung-faengt-ganz-vorne-an\/","url":"https:\/\/dascoachingbyks.de\/cms\/mitarbeiterentwicklung-faengt-ganz-vorne-an\/","name":"Mitarbeiterentwicklung f\u00e4ngt ganz vorne an - Das Coaching by Kathrin Schmid","isPartOf":{"@id":"https:\/\/dascoachingbyks.de\/cms\/#website"},"datePublished":"2024-06-21T10:38:32+00:00","dateModified":"2024-06-21T10:38:32+00:00","breadcrumb":{"@id":"https:\/\/dascoachingbyks.de\/cms\/mitarbeiterentwicklung-faengt-ganz-vorne-an\/#breadcrumb"},"inLanguage":"de","potentialAction":[{"@type":"ReadAction","target":["https:\/\/dascoachingbyks.de\/cms\/mitarbeiterentwicklung-faengt-ganz-vorne-an\/"]}]},{"@type":"BreadcrumbList","@id":"https:\/\/dascoachingbyks.de\/cms\/mitarbeiterentwicklung-faengt-ganz-vorne-an\/#breadcrumb","itemListElement":[{"@type":"ListItem","position":1,"name":"Startseite","item":"https:\/\/dascoachingbyks.de\/cms\/"},{"@type":"ListItem","position":2,"name":"Mitarbeiterentwicklung f\u00e4ngt ganz vorne an"}]},{"@type":"WebSite","@id":"https:\/\/dascoachingbyks.de\/cms\/#website","url":"https:\/\/dascoachingbyks.de\/cms\/","name":"Das Coaching by Kathrin Schmid","description":"Deinen Aufstieg Starten","publisher":{"@id":"https:\/\/dascoachingbyks.de\/cms\/#organization"},"potentialAction":[{"@type":"SearchAction","target":{"@type":"EntryPoint","urlTemplate":"https:\/\/dascoachingbyks.de\/cms\/?s={search_term_string}"},"query-input":"required name=search_term_string"}],"inLanguage":"de"},{"@type":"Organization","@id":"https:\/\/dascoachingbyks.de\/cms\/#organization","name":"das Coaching by KS","url":"https:\/\/dascoachingbyks.de\/cms\/","logo":{"@type":"ImageObject","inLanguage":"de","@id":"https:\/\/dascoachingbyks.de\/cms\/#\/schema\/logo\/image\/","url":"https:\/\/dascoachingbyks.de\/cms\/wp-content\/uploads\/2022\/06\/das-coaching-Logo2021-fin.jpg","contentUrl":"https:\/\/dascoachingbyks.de\/cms\/wp-content\/uploads\/2022\/06\/das-coaching-Logo2021-fin.jpg","width":2500,"height":1047,"caption":"das Coaching by KS"},"image":{"@id":"https:\/\/dascoachingbyks.de\/cms\/#\/schema\/logo\/image\/"}},{"@type":"Person","@id":"https:\/\/dascoachingbyks.de\/cms\/#\/schema\/person\/5edfa7f0bbae67979652656d1ae1385a","name":"Karin","image":{"@type":"ImageObject","inLanguage":"de","@id":"https:\/\/dascoachingbyks.de\/cms\/#\/schema\/person\/image\/","url":"https:\/\/secure.gravatar.com\/avatar\/5d5bb6780dcccd9ae9244c24b86e95b3?s=96&d=mm&r=g","contentUrl":"https:\/\/secure.gravatar.com\/avatar\/5d5bb6780dcccd9ae9244c24b86e95b3?s=96&d=mm&r=g","caption":"Karin"},"url":"https:\/\/dascoachingbyks.de\/cms\/author\/grafik\/"}]}},"_links":{"self":[{"href":"https:\/\/dascoachingbyks.de\/cms\/wp-json\/wp\/v2\/posts\/1327"}],"collection":[{"href":"https:\/\/dascoachingbyks.de\/cms\/wp-json\/wp\/v2\/posts"}],"about":[{"href":"https:\/\/dascoachingbyks.de\/cms\/wp-json\/wp\/v2\/types\/post"}],"author":[{"embeddable":true,"href":"https:\/\/dascoachingbyks.de\/cms\/wp-json\/wp\/v2\/users\/2"}],"replies":[{"embeddable":true,"href":"https:\/\/dascoachingbyks.de\/cms\/wp-json\/wp\/v2\/comments?post=1327"}],"version-history":[{"count":2,"href":"https:\/\/dascoachingbyks.de\/cms\/wp-json\/wp\/v2\/posts\/1327\/revisions"}],"predecessor-version":[{"id":1329,"href":"https:\/\/dascoachingbyks.de\/cms\/wp-json\/wp\/v2\/posts\/1327\/revisions\/1329"}],"wp:featuredmedia":[{"embeddable":true,"href":"https:\/\/dascoachingbyks.de\/cms\/wp-json\/wp\/v2\/media\/1233"}],"wp:attachment":[{"href":"https:\/\/dascoachingbyks.de\/cms\/wp-json\/wp\/v2\/media?parent=1327"}],"wp:term":[{"taxonomy":"category","embeddable":true,"href":"https:\/\/dascoachingbyks.de\/cms\/wp-json\/wp\/v2\/categories?post=1327"},{"taxonomy":"post_tag","embeddable":true,"href":"https:\/\/dascoachingbyks.de\/cms\/wp-json\/wp\/v2\/tags?post=1327"}],"curies":[{"name":"wp","href":"https:\/\/api.w.org\/{rel}","templated":true}]}}