{"id":1316,"date":"2024-05-17T11:52:17","date_gmt":"2024-05-17T11:52:17","guid":{"rendered":"https:\/\/dascoachingbyks.de\/cms\/?p=1316"},"modified":"2024-05-17T11:54:09","modified_gmt":"2024-05-17T11:54:09","slug":"regen-und-sonnenschein-in-der-fuehrung","status":"publish","type":"post","link":"https:\/\/dascoachingbyks.de\/cms\/regen-und-sonnenschein-in-der-fuehrung\/","title":{"rendered":"Regen und Sonnenschein in der F\u00fchrung"},"content":{"rendered":"<div class=\"fusion-fullwidth fullwidth-box fusion-builder-row-1 fusion-flex-container has-pattern-background has-mask-background nonhundred-percent-fullwidth non-hundred-percent-height-scrolling\" style=\"--awb-border-radius-top-left:0px;--awb-border-radius-top-right:0px;--awb-border-radius-bottom-right:0px;--awb-border-radius-bottom-left:0px;--awb-margin-top:100px;--awb-margin-bottom:100px;\" ><div class=\"fusion-builder-row fusion-row fusion-flex-align-items-flex-start\" style=\"max-width:1248px;margin-left: calc(-4% \/ 2 );margin-right: calc(-4% \/ 2 );\"><div class=\"fusion-layout-column fusion_builder_column fusion-builder-column-0 fusion_builder_column_1_1 1_1 fusion-flex-column\" style=\"--awb-bg-size:cover;--awb-width-large:100%;--awb-margin-top-large:0px;--awb-spacing-right-large:1.92%;--awb-margin-bottom-large:20px;--awb-spacing-left-large:1.92%;--awb-width-medium:100%;--awb-order-medium:0;--awb-spacing-right-medium:1.92%;--awb-spacing-left-medium:1.92%;--awb-width-small:100%;--awb-order-small:0;--awb-spacing-right-small:1.92%;--awb-spacing-left-small:1.92%;\"><div class=\"fusion-column-wrapper fusion-column-has-shadow fusion-flex-justify-content-flex-start fusion-content-layout-column\"><div class=\"fusion-title title fusion-title-1 fusion-sep-none fusion-title-text fusion-title-size-five\" style=\"--awb-text-color:var(--awb-color8);\"><h5 class=\"title-heading-left fusion-responsive-typography-calculated\" style=\"margin:0;text-transform:none;--fontSize:30;line-height:var(--awb-typography1-line-height);\"><p style=\"text-align: left;\"><strong>Regen und Sonnenschein in der F\u00fchrung<br \/>\n<\/strong><\/p><\/h5><\/div><div class=\"fusion-title title fusion-title-2 fusion-sep-none fusion-title-text fusion-title-size-six\" style=\"--awb-text-color:var(--awb-color1);\"><h6 class=\"title-heading-left fusion-responsive-typography-calculated\" style=\"margin:0;text-transform:none;--fontSize:16;--minFontSize:16;line-height:var(--awb-typography1-line-height);\"><strong><br \/>\n<\/strong><\/p><\/h6><\/div><div class=\"fusion-separator fusion-full-width-sep\" style=\"align-self: center;margin-left: auto;margin-right: auto;margin-top:4%;width:100%;\"><\/div><div class=\"fusion-text fusion-text-1\"><\/div>\n<p>Regen ist gerade in den letzten Wochen und Monaten ein alter Bekannter.<\/p>\n<p>Auch in der F\u00fchrung und im t\u00e4glichen Arbeiten, gibt es nicht nur Sonnenschein.<\/p>\n<p>Die Frage ist, wie gehen wir damit um?<br \/>\nUnd habe ich \u00fcberhaupt, das richtige Werkzeug, um damit umgehen zu k\u00f6nnen?<br \/>\nNicht immer ist es so, dass du als neue F\u00fchrungskraft zuvor ein Traineeprogramm durchlaufen hast. Sehr viel h\u00e4ufiger, kommt<br \/>\nes dazu, dass eine vorherige Vorbereitung, auf die neue Aufgabe, nicht inklusive ist. Das bedeutet im Umkehrschluss wiederum, dass<br \/>\n\u00f6fters Situationen auftreten, die herausfordernd sind und unter Umst\u00e4nden auch eher ein Gewitter, als Sonnenschein aufzieht.<br \/>\nEntscheidungen m\u00fcssen getroffen werden, Mitarbeitergespr\u00e4che gef\u00fchrt werden und Meetings besucht werden, die nicht immer<br \/>\nnur harmonisch sind.<br \/>\nAber bei all diesen potentiellen Gewittern, gibt es gute Nachrichten. Mit jeder herausfordernden Situation, w\u00e4chst du als F\u00fchrungskraft und<br \/>\nMensch. Jede bew\u00e4ltigte Aufgabe, die nicht so leicht von der Hand ging, wird beim n\u00e4chsten Mal leichter.<br \/>\nDabei reicherst du deinen Erfahrungsschatz an.<br \/>\nDie M\u00f6glichkeit der pers\u00f6nlichen Weiterentwicklung funktioniert aber nicht automatisch, dazu ist eine Sache extrem wichtig.<br \/>\nDie Selbstreflektion.<br \/>\nEs ist wichtig, dass wir uns als F\u00fchrungskraft immer wieder reflektieren. Nach einem durchgezogenen Tief, das unter Umst\u00e4nden<br \/>\neiniges an Regen, Donner und Blitzen mitgebracht hat, hei\u00dft es, die Situation noch einmal durchlaufen zu lassen.<br \/>\nSehr gut funktioniert dies auch im Sparring. Dadurch f\u00e4llt es oft leichter, den Blickwinkel zu wechseln und somit auch neue<br \/>\nM\u00f6glichkeiten zu entdecken.<br \/>\nAber nicht nur die Gewitterphasen sollten reflektiert werden, auch die Sonnenstunden, die mit vielen positiven Ereignissen best\u00fcckt waren,<br \/>\nsind lohnenswert, erneut zu beleuchten. Warum ist gerade dieses Meeting so gut gelaufen? Welche Fragen hast du gestellt, damit der Mitarbeiter<br \/>\npositiv gestimmt dein B\u00fcro verlassen hat?<br \/>\nSelbstreflektion ist ein essentielles Werkzeug der F\u00fchrung und ich werde nicht m\u00fcde, dies zu predigen. Denn eines ist klar.<br \/>\nDie pers\u00f6nliche Weiterentwicklung als F\u00fchrungskraft h\u00f6rt nie auf. Alleine auf Grund der Tatsache, dass die Menschen um dich herum,<br \/>\nsich weiterentwickeln und ver\u00e4ndern, hast auch du die Chance dazu.<\/p>\n<div class=\"fusion-separator fusion-full-width-sep\" style=\"align-self: center;margin-left: auto;margin-right: auto;margin-top:4%;width:100%;\"><\/div><div style=\"text-align:left;\"><a class=\"fusion-button button-flat fusion-button-default-size button-default fusion-button-default button-1 fusion-button-default-span fusion-button-default-type\" target=\"_self\" href=\"https:\/\/dascoachingbyks.de\/cms\/index.php\/blog\"><span class=\"fusion-button-text\">ZUR\u00dcCK ZU DEN NEWS<\/span><\/a><\/div><\/div><\/div><\/div><\/div>\n","protected":false},"excerpt":{"rendered":"","protected":false},"author":2,"featured_media":1077,"comment_status":"open","ping_status":"open","sticky":false,"template":"","format":"standard","meta":[],"categories":[1],"tags":[],"yoast_head":"<!-- This site is optimized with the Yoast SEO plugin v20.5 - https:\/\/yoast.com\/wordpress\/plugins\/seo\/ -->\n<title>Regen und Sonnenschein in der F\u00fchrung - Das Coaching by Kathrin Schmid<\/title>\n<meta name=\"robots\" content=\"index, follow, max-snippet:-1, max-image-preview:large, max-video-preview:-1\" \/>\n<link rel=\"canonical\" href=\"https:\/\/dascoachingbyks.de\/cms\/regen-und-sonnenschein-in-der-fuehrung\/\" \/>\n<meta property=\"og:locale\" content=\"de_DE\" \/>\n<meta property=\"og:type\" content=\"article\" \/>\n<meta property=\"og:title\" content=\"Regen und Sonnenschein in der F\u00fchrung - Das Coaching by Kathrin Schmid\" \/>\n<meta property=\"og:url\" content=\"https:\/\/dascoachingbyks.de\/cms\/regen-und-sonnenschein-in-der-fuehrung\/\" \/>\n<meta property=\"og:site_name\" content=\"Das Coaching by Kathrin Schmid\" \/>\n<meta property=\"article:published_time\" content=\"2024-05-17T11:52:17+00:00\" \/>\n<meta property=\"article:modified_time\" content=\"2024-05-17T11:54:09+00:00\" \/>\n<meta property=\"og:image\" content=\"https:\/\/dascoachingbyks.de\/cms\/wp-content\/uploads\/2023\/03\/Werbefotos-von-mir.jpeg\" \/>\n\t<meta property=\"og:image:width\" content=\"1024\" \/>\n\t<meta property=\"og:image:height\" content=\"629\" \/>\n\t<meta property=\"og:image:type\" content=\"image\/jpeg\" \/>\n<meta name=\"author\" content=\"Karin\" \/>\n<meta name=\"twitter:card\" content=\"summary_large_image\" \/>\n<meta name=\"twitter:label1\" content=\"Verfasst von\" \/>\n\t<meta name=\"twitter:data1\" content=\"Karin\" \/>\n\t<meta name=\"twitter:label2\" content=\"Gesch\u00e4tzte Lesezeit\" \/>\n\t<meta name=\"twitter:data2\" content=\"5\u00a0Minuten\" \/>\n<script type=\"application\/ld+json\" class=\"yoast-schema-graph\">{\"@context\":\"https:\/\/schema.org\",\"@graph\":[{\"@type\":\"Article\",\"@id\":\"https:\/\/dascoachingbyks.de\/cms\/regen-und-sonnenschein-in-der-fuehrung\/#article\",\"isPartOf\":{\"@id\":\"https:\/\/dascoachingbyks.de\/cms\/regen-und-sonnenschein-in-der-fuehrung\/\"},\"author\":{\"name\":\"Karin\",\"@id\":\"https:\/\/dascoachingbyks.de\/cms\/#\/schema\/person\/5edfa7f0bbae67979652656d1ae1385a\"},\"headline\":\"Regen und Sonnenschein in der F\u00fchrung\",\"datePublished\":\"2024-05-17T11:52:17+00:00\",\"dateModified\":\"2024-05-17T11:54:09+00:00\",\"mainEntityOfPage\":{\"@id\":\"https:\/\/dascoachingbyks.de\/cms\/regen-und-sonnenschein-in-der-fuehrung\/\"},\"wordCount\":1708,\"commentCount\":0,\"publisher\":{\"@id\":\"https:\/\/dascoachingbyks.de\/cms\/#organization\"},\"articleSection\":[\"Uncategorized\"],\"inLanguage\":\"de\",\"potentialAction\":[{\"@type\":\"CommentAction\",\"name\":\"Comment\",\"target\":[\"https:\/\/dascoachingbyks.de\/cms\/regen-und-sonnenschein-in-der-fuehrung\/#respond\"]}]},{\"@type\":\"WebPage\",\"@id\":\"https:\/\/dascoachingbyks.de\/cms\/regen-und-sonnenschein-in-der-fuehrung\/\",\"url\":\"https:\/\/dascoachingbyks.de\/cms\/regen-und-sonnenschein-in-der-fuehrung\/\",\"name\":\"Regen und Sonnenschein in der F\u00fchrung - Das Coaching by Kathrin Schmid\",\"isPartOf\":{\"@id\":\"https:\/\/dascoachingbyks.de\/cms\/#website\"},\"datePublished\":\"2024-05-17T11:52:17+00:00\",\"dateModified\":\"2024-05-17T11:54:09+00:00\",\"breadcrumb\":{\"@id\":\"https:\/\/dascoachingbyks.de\/cms\/regen-und-sonnenschein-in-der-fuehrung\/#breadcrumb\"},\"inLanguage\":\"de\",\"potentialAction\":[{\"@type\":\"ReadAction\",\"target\":[\"https:\/\/dascoachingbyks.de\/cms\/regen-und-sonnenschein-in-der-fuehrung\/\"]}]},{\"@type\":\"BreadcrumbList\",\"@id\":\"https:\/\/dascoachingbyks.de\/cms\/regen-und-sonnenschein-in-der-fuehrung\/#breadcrumb\",\"itemListElement\":[{\"@type\":\"ListItem\",\"position\":1,\"name\":\"Startseite\",\"item\":\"https:\/\/dascoachingbyks.de\/cms\/\"},{\"@type\":\"ListItem\",\"position\":2,\"name\":\"Regen und Sonnenschein in der F\u00fchrung\"}]},{\"@type\":\"WebSite\",\"@id\":\"https:\/\/dascoachingbyks.de\/cms\/#website\",\"url\":\"https:\/\/dascoachingbyks.de\/cms\/\",\"name\":\"Das Coaching by Kathrin Schmid\",\"description\":\"Deinen Aufstieg Starten\",\"publisher\":{\"@id\":\"https:\/\/dascoachingbyks.de\/cms\/#organization\"},\"potentialAction\":[{\"@type\":\"SearchAction\",\"target\":{\"@type\":\"EntryPoint\",\"urlTemplate\":\"https:\/\/dascoachingbyks.de\/cms\/?s={search_term_string}\"},\"query-input\":\"required name=search_term_string\"}],\"inLanguage\":\"de\"},{\"@type\":\"Organization\",\"@id\":\"https:\/\/dascoachingbyks.de\/cms\/#organization\",\"name\":\"das Coaching by KS\",\"url\":\"https:\/\/dascoachingbyks.de\/cms\/\",\"logo\":{\"@type\":\"ImageObject\",\"inLanguage\":\"de\",\"@id\":\"https:\/\/dascoachingbyks.de\/cms\/#\/schema\/logo\/image\/\",\"url\":\"https:\/\/dascoachingbyks.de\/cms\/wp-content\/uploads\/2022\/06\/das-coaching-Logo2021-fin.jpg\",\"contentUrl\":\"https:\/\/dascoachingbyks.de\/cms\/wp-content\/uploads\/2022\/06\/das-coaching-Logo2021-fin.jpg\",\"width\":2500,\"height\":1047,\"caption\":\"das Coaching by KS\"},\"image\":{\"@id\":\"https:\/\/dascoachingbyks.de\/cms\/#\/schema\/logo\/image\/\"}},{\"@type\":\"Person\",\"@id\":\"https:\/\/dascoachingbyks.de\/cms\/#\/schema\/person\/5edfa7f0bbae67979652656d1ae1385a\",\"name\":\"Karin\",\"image\":{\"@type\":\"ImageObject\",\"inLanguage\":\"de\",\"@id\":\"https:\/\/dascoachingbyks.de\/cms\/#\/schema\/person\/image\/\",\"url\":\"https:\/\/secure.gravatar.com\/avatar\/5d5bb6780dcccd9ae9244c24b86e95b3?s=96&d=mm&r=g\",\"contentUrl\":\"https:\/\/secure.gravatar.com\/avatar\/5d5bb6780dcccd9ae9244c24b86e95b3?s=96&d=mm&r=g\",\"caption\":\"Karin\"},\"url\":\"https:\/\/dascoachingbyks.de\/cms\/author\/grafik\/\"}]}<\/script>\n<!-- \/ Yoast SEO plugin. -->","yoast_head_json":{"title":"Regen und Sonnenschein in der F\u00fchrung - Das Coaching by Kathrin Schmid","robots":{"index":"index","follow":"follow","max-snippet":"max-snippet:-1","max-image-preview":"max-image-preview:large","max-video-preview":"max-video-preview:-1"},"canonical":"https:\/\/dascoachingbyks.de\/cms\/regen-und-sonnenschein-in-der-fuehrung\/","og_locale":"de_DE","og_type":"article","og_title":"Regen und Sonnenschein in der F\u00fchrung - Das Coaching by Kathrin Schmid","og_url":"https:\/\/dascoachingbyks.de\/cms\/regen-und-sonnenschein-in-der-fuehrung\/","og_site_name":"Das Coaching by Kathrin Schmid","article_published_time":"2024-05-17T11:52:17+00:00","article_modified_time":"2024-05-17T11:54:09+00:00","og_image":[{"width":1024,"height":629,"url":"https:\/\/dascoachingbyks.de\/cms\/wp-content\/uploads\/2023\/03\/Werbefotos-von-mir.jpeg","type":"image\/jpeg"}],"author":"Karin","twitter_card":"summary_large_image","twitter_misc":{"Verfasst von":"Karin","Gesch\u00e4tzte Lesezeit":"5\u00a0Minuten"},"schema":{"@context":"https:\/\/schema.org","@graph":[{"@type":"Article","@id":"https:\/\/dascoachingbyks.de\/cms\/regen-und-sonnenschein-in-der-fuehrung\/#article","isPartOf":{"@id":"https:\/\/dascoachingbyks.de\/cms\/regen-und-sonnenschein-in-der-fuehrung\/"},"author":{"name":"Karin","@id":"https:\/\/dascoachingbyks.de\/cms\/#\/schema\/person\/5edfa7f0bbae67979652656d1ae1385a"},"headline":"Regen und Sonnenschein in der F\u00fchrung","datePublished":"2024-05-17T11:52:17+00:00","dateModified":"2024-05-17T11:54:09+00:00","mainEntityOfPage":{"@id":"https:\/\/dascoachingbyks.de\/cms\/regen-und-sonnenschein-in-der-fuehrung\/"},"wordCount":1708,"commentCount":0,"publisher":{"@id":"https:\/\/dascoachingbyks.de\/cms\/#organization"},"articleSection":["Uncategorized"],"inLanguage":"de","potentialAction":[{"@type":"CommentAction","name":"Comment","target":["https:\/\/dascoachingbyks.de\/cms\/regen-und-sonnenschein-in-der-fuehrung\/#respond"]}]},{"@type":"WebPage","@id":"https:\/\/dascoachingbyks.de\/cms\/regen-und-sonnenschein-in-der-fuehrung\/","url":"https:\/\/dascoachingbyks.de\/cms\/regen-und-sonnenschein-in-der-fuehrung\/","name":"Regen und Sonnenschein in der F\u00fchrung - Das Coaching by Kathrin Schmid","isPartOf":{"@id":"https:\/\/dascoachingbyks.de\/cms\/#website"},"datePublished":"2024-05-17T11:52:17+00:00","dateModified":"2024-05-17T11:54:09+00:00","breadcrumb":{"@id":"https:\/\/dascoachingbyks.de\/cms\/regen-und-sonnenschein-in-der-fuehrung\/#breadcrumb"},"inLanguage":"de","potentialAction":[{"@type":"ReadAction","target":["https:\/\/dascoachingbyks.de\/cms\/regen-und-sonnenschein-in-der-fuehrung\/"]}]},{"@type":"BreadcrumbList","@id":"https:\/\/dascoachingbyks.de\/cms\/regen-und-sonnenschein-in-der-fuehrung\/#breadcrumb","itemListElement":[{"@type":"ListItem","position":1,"name":"Startseite","item":"https:\/\/dascoachingbyks.de\/cms\/"},{"@type":"ListItem","position":2,"name":"Regen und Sonnenschein in der F\u00fchrung"}]},{"@type":"WebSite","@id":"https:\/\/dascoachingbyks.de\/cms\/#website","url":"https:\/\/dascoachingbyks.de\/cms\/","name":"Das Coaching by Kathrin Schmid","description":"Deinen Aufstieg Starten","publisher":{"@id":"https:\/\/dascoachingbyks.de\/cms\/#organization"},"potentialAction":[{"@type":"SearchAction","target":{"@type":"EntryPoint","urlTemplate":"https:\/\/dascoachingbyks.de\/cms\/?s={search_term_string}"},"query-input":"required name=search_term_string"}],"inLanguage":"de"},{"@type":"Organization","@id":"https:\/\/dascoachingbyks.de\/cms\/#organization","name":"das Coaching by KS","url":"https:\/\/dascoachingbyks.de\/cms\/","logo":{"@type":"ImageObject","inLanguage":"de","@id":"https:\/\/dascoachingbyks.de\/cms\/#\/schema\/logo\/image\/","url":"https:\/\/dascoachingbyks.de\/cms\/wp-content\/uploads\/2022\/06\/das-coaching-Logo2021-fin.jpg","contentUrl":"https:\/\/dascoachingbyks.de\/cms\/wp-content\/uploads\/2022\/06\/das-coaching-Logo2021-fin.jpg","width":2500,"height":1047,"caption":"das Coaching by KS"},"image":{"@id":"https:\/\/dascoachingbyks.de\/cms\/#\/schema\/logo\/image\/"}},{"@type":"Person","@id":"https:\/\/dascoachingbyks.de\/cms\/#\/schema\/person\/5edfa7f0bbae67979652656d1ae1385a","name":"Karin","image":{"@type":"ImageObject","inLanguage":"de","@id":"https:\/\/dascoachingbyks.de\/cms\/#\/schema\/person\/image\/","url":"https:\/\/secure.gravatar.com\/avatar\/5d5bb6780dcccd9ae9244c24b86e95b3?s=96&d=mm&r=g","contentUrl":"https:\/\/secure.gravatar.com\/avatar\/5d5bb6780dcccd9ae9244c24b86e95b3?s=96&d=mm&r=g","caption":"Karin"},"url":"https:\/\/dascoachingbyks.de\/cms\/author\/grafik\/"}]}},"_links":{"self":[{"href":"https:\/\/dascoachingbyks.de\/cms\/wp-json\/wp\/v2\/posts\/1316"}],"collection":[{"href":"https:\/\/dascoachingbyks.de\/cms\/wp-json\/wp\/v2\/posts"}],"about":[{"href":"https:\/\/dascoachingbyks.de\/cms\/wp-json\/wp\/v2\/types\/post"}],"author":[{"embeddable":true,"href":"https:\/\/dascoachingbyks.de\/cms\/wp-json\/wp\/v2\/users\/2"}],"replies":[{"embeddable":true,"href":"https:\/\/dascoachingbyks.de\/cms\/wp-json\/wp\/v2\/comments?post=1316"}],"version-history":[{"count":2,"href":"https:\/\/dascoachingbyks.de\/cms\/wp-json\/wp\/v2\/posts\/1316\/revisions"}],"predecessor-version":[{"id":1318,"href":"https:\/\/dascoachingbyks.de\/cms\/wp-json\/wp\/v2\/posts\/1316\/revisions\/1318"}],"wp:featuredmedia":[{"embeddable":true,"href":"https:\/\/dascoachingbyks.de\/cms\/wp-json\/wp\/v2\/media\/1077"}],"wp:attachment":[{"href":"https:\/\/dascoachingbyks.de\/cms\/wp-json\/wp\/v2\/media?parent=1316"}],"wp:term":[{"taxonomy":"category","embeddable":true,"href":"https:\/\/dascoachingbyks.de\/cms\/wp-json\/wp\/v2\/categories?post=1316"},{"taxonomy":"post_tag","embeddable":true,"href":"https:\/\/dascoachingbyks.de\/cms\/wp-json\/wp\/v2\/tags?post=1316"}],"curies":[{"name":"wp","href":"https:\/\/api.w.org\/{rel}","templated":true}]}}