{"id":1093,"date":"2023-07-04T12:32:59","date_gmt":"2023-07-04T12:32:59","guid":{"rendered":"https:\/\/dascoachingbyks.de\/cms\/?p=1093"},"modified":"2023-07-04T12:32:59","modified_gmt":"2023-07-04T12:32:59","slug":"12-monate-12-aspekte-der-fuehrung-juli-einfach-mal-durchatmen","status":"publish","type":"post","link":"https:\/\/dascoachingbyks.de\/cms\/12-monate-12-aspekte-der-fuehrung-juli-einfach-mal-durchatmen\/","title":{"rendered":"12 Monate 12 Aspekte der F\u00fchrung Juli &#8222;Einfach mal durchatmen&#8220;"},"content":{"rendered":"<div class=\"fusion-fullwidth fullwidth-box fusion-builder-row-1 fusion-flex-container has-pattern-background has-mask-background nonhundred-percent-fullwidth non-hundred-percent-height-scrolling\" style=\"--awb-border-radius-top-left:0px;--awb-border-radius-top-right:0px;--awb-border-radius-bottom-right:0px;--awb-border-radius-bottom-left:0px;--awb-margin-top:100px;--awb-margin-bottom:100px;\" ><div class=\"fusion-builder-row fusion-row fusion-flex-align-items-flex-start\" style=\"max-width:1248px;margin-left: calc(-4% \/ 2 );margin-right: calc(-4% \/ 2 );\"><div class=\"fusion-layout-column fusion_builder_column fusion-builder-column-0 fusion_builder_column_1_1 1_1 fusion-flex-column\" style=\"--awb-bg-size:cover;--awb-width-large:100%;--awb-margin-top-large:0px;--awb-spacing-right-large:1.92%;--awb-margin-bottom-large:20px;--awb-spacing-left-large:1.92%;--awb-width-medium:100%;--awb-order-medium:0;--awb-spacing-right-medium:1.92%;--awb-spacing-left-medium:1.92%;--awb-width-small:100%;--awb-order-small:0;--awb-spacing-right-small:1.92%;--awb-spacing-left-small:1.92%;\"><div class=\"fusion-column-wrapper fusion-column-has-shadow fusion-flex-justify-content-flex-start fusion-content-layout-column\"><div class=\"fusion-title title fusion-title-1 fusion-sep-none fusion-title-text fusion-title-size-five\" style=\"--awb-text-color:var(--awb-color8);\"><h5 class=\"title-heading-left fusion-responsive-typography-calculated\" style=\"margin:0;text-transform:none;--fontSize:30;line-height:var(--awb-typography1-line-height);\"><p style=\"text-align: left;\">12 Monate 12 Aspekte der F\u00fchrung<\/p><\/h5><\/div><div class=\"fusion-title title fusion-title-2 fusion-sep-none fusion-title-text fusion-title-size-six\" style=\"--awb-text-color:var(--awb-color1);\"><h6 class=\"title-heading-left fusion-responsive-typography-calculated\" style=\"margin:0;text-transform:none;--fontSize:16;--minFontSize:16;line-height:var(--awb-typography1-line-height);\"><p style=\"text-align: left;\"><strong>Juli &#8222;Einfach mal durchatmen&#8220;<\/strong><\/p><\/h6><\/div><div class=\"fusion-separator fusion-full-width-sep\" style=\"align-self: center;margin-left: auto;margin-right: auto;margin-top:4%;width:100%;\"><\/div><div class=\"fusion-text fusion-text-1\"><\/div>\n<p>Gerade als F\u00fchrungskraft m\u00f6chte man als gutes Beispiel vorangehen. Aus meiner Sicht auch unumg\u00e4nglich. Wie sollte das Team besser die Akzeptanz f\u00fcr eine T\u00e4tigkeit, eine Herausforderung aufbringen, als dass auch die F\u00fchrungskraft aktiv mitarbeitet.<\/p>\n<p>Aber F\u00fchrung bedeutet mehr, als die T\u00e4tigkeit als solches. Es geht auch um die Art der Kommunikation und den Umgang miteinander. Neben diesen Punkten hei\u00dft es aber auch, tats\u00e4chlich Pausen zu machen. H\u00f6rt sich vielleicht etwas komisch an, aber auch F\u00fchrungskr\u00e4fte brauchen Zeit zum Kraft tanken. Gerade diese Zeiten helfen uns dabei, kreativ zu bleiben, ab und an auch eine andere Perspektive auf einen Sachverhalt zu gewinnen.<br \/>\nKennen Sie das, Sie sitzen vor einer Aufgabe und irgendwann haben Sie das Gef\u00fchl, dass Sie im Tunnel sind? An manch einer Stelle gut, oftmals f\u00fchrt es aber dazu, dass unsere Gedanken immer wieder abschweifen und Fehler vorprogrammiert sind.<br \/>\nSp\u00e4testens an dieser Stelle hei\u00dft es \u201ePause\u201c. Kurz in eine andere Umgebung und bewusst abschalten, steigert die Produktivit\u00e4t bei einer Wiederaufnahme der T\u00e4tigkeit ungemein.<\/p>\n<p>Der zweite positive Effekt der sich einstelle ist, die Rolle als Vorbild wird umgesetzt. Denn auch manch ein Mitarbeiter muss lernen, Pausen effektiv als Booster einzusetzen. Stichwort Zeitmanagement.<\/p>\n<p>Daher \u201eEinfach mal durchatmen\u201c und danach umso effektiver an die L\u00f6sungsfindung herangehen.<\/p>\n<div class=\"fusion-separator fusion-full-width-sep\" style=\"align-self: center;margin-left: auto;margin-right: auto;margin-top:4%;width:100%;\"><\/div><div style=\"text-align:left;\"><a class=\"fusion-button button-flat fusion-button-default-size button-default fusion-button-default button-1 fusion-button-default-span fusion-button-default-type\" target=\"_self\" href=\"https:\/\/dascoachingbyks.de\/cms\/index.php\/blog\"><span class=\"fusion-button-text\">ZUR\u00dcCK ZU DEN NEWS<\/span><\/a><\/div><\/div><\/div><\/div><\/div>\n","protected":false},"excerpt":{"rendered":"","protected":false},"author":2,"featured_media":1077,"comment_status":"open","ping_status":"open","sticky":false,"template":"","format":"standard","meta":[],"categories":[1],"tags":[],"yoast_head":"<!-- This site is optimized with the Yoast SEO plugin v20.5 - https:\/\/yoast.com\/wordpress\/plugins\/seo\/ -->\n<title>12 Monate 12 Aspekte der F\u00fchrung Juli &quot;Einfach mal durchatmen&quot; - Das Coaching by Kathrin Schmid<\/title>\n<meta name=\"robots\" content=\"index, follow, max-snippet:-1, max-image-preview:large, max-video-preview:-1\" \/>\n<link rel=\"canonical\" href=\"https:\/\/dascoachingbyks.de\/cms\/12-monate-12-aspekte-der-fuehrung-juli-einfach-mal-durchatmen\/\" \/>\n<meta property=\"og:locale\" content=\"de_DE\" \/>\n<meta property=\"og:type\" content=\"article\" \/>\n<meta property=\"og:title\" content=\"12 Monate 12 Aspekte der F\u00fchrung Juli &quot;Einfach mal durchatmen&quot; - Das Coaching by Kathrin Schmid\" \/>\n<meta property=\"og:url\" content=\"https:\/\/dascoachingbyks.de\/cms\/12-monate-12-aspekte-der-fuehrung-juli-einfach-mal-durchatmen\/\" \/>\n<meta property=\"og:site_name\" content=\"Das Coaching by Kathrin Schmid\" \/>\n<meta property=\"article:published_time\" content=\"2023-07-04T12:32:59+00:00\" \/>\n<meta property=\"og:image\" content=\"https:\/\/dascoachingbyks.de\/cms\/wp-content\/uploads\/2023\/03\/Werbefotos-von-mir.jpeg\" \/>\n\t<meta property=\"og:image:width\" content=\"1024\" \/>\n\t<meta property=\"og:image:height\" content=\"629\" \/>\n\t<meta property=\"og:image:type\" content=\"image\/jpeg\" \/>\n<meta name=\"author\" content=\"Karin\" \/>\n<meta name=\"twitter:card\" content=\"summary_large_image\" \/>\n<meta name=\"twitter:label1\" content=\"Verfasst von\" \/>\n\t<meta name=\"twitter:data1\" content=\"Karin\" \/>\n\t<meta name=\"twitter:label2\" content=\"Gesch\u00e4tzte Lesezeit\" \/>\n\t<meta name=\"twitter:data2\" content=\"5\u00a0Minuten\" \/>\n<script type=\"application\/ld+json\" class=\"yoast-schema-graph\">{\"@context\":\"https:\/\/schema.org\",\"@graph\":[{\"@type\":\"Article\",\"@id\":\"https:\/\/dascoachingbyks.de\/cms\/12-monate-12-aspekte-der-fuehrung-juli-einfach-mal-durchatmen\/#article\",\"isPartOf\":{\"@id\":\"https:\/\/dascoachingbyks.de\/cms\/12-monate-12-aspekte-der-fuehrung-juli-einfach-mal-durchatmen\/\"},\"author\":{\"name\":\"Karin\",\"@id\":\"https:\/\/dascoachingbyks.de\/cms\/#\/schema\/person\/5edfa7f0bbae67979652656d1ae1385a\"},\"headline\":\"12 Monate 12 Aspekte der F\u00fchrung Juli &#8222;Einfach mal durchatmen&#8220;\",\"datePublished\":\"2023-07-04T12:32:59+00:00\",\"dateModified\":\"2023-07-04T12:32:59+00:00\",\"mainEntityOfPage\":{\"@id\":\"https:\/\/dascoachingbyks.de\/cms\/12-monate-12-aspekte-der-fuehrung-juli-einfach-mal-durchatmen\/\"},\"wordCount\":1582,\"commentCount\":0,\"publisher\":{\"@id\":\"https:\/\/dascoachingbyks.de\/cms\/#organization\"},\"articleSection\":[\"Uncategorized\"],\"inLanguage\":\"de\",\"potentialAction\":[{\"@type\":\"CommentAction\",\"name\":\"Comment\",\"target\":[\"https:\/\/dascoachingbyks.de\/cms\/12-monate-12-aspekte-der-fuehrung-juli-einfach-mal-durchatmen\/#respond\"]}]},{\"@type\":\"WebPage\",\"@id\":\"https:\/\/dascoachingbyks.de\/cms\/12-monate-12-aspekte-der-fuehrung-juli-einfach-mal-durchatmen\/\",\"url\":\"https:\/\/dascoachingbyks.de\/cms\/12-monate-12-aspekte-der-fuehrung-juli-einfach-mal-durchatmen\/\",\"name\":\"12 Monate 12 Aspekte der F\u00fchrung Juli \\\"Einfach mal durchatmen\\\" - Das Coaching by Kathrin Schmid\",\"isPartOf\":{\"@id\":\"https:\/\/dascoachingbyks.de\/cms\/#website\"},\"datePublished\":\"2023-07-04T12:32:59+00:00\",\"dateModified\":\"2023-07-04T12:32:59+00:00\",\"breadcrumb\":{\"@id\":\"https:\/\/dascoachingbyks.de\/cms\/12-monate-12-aspekte-der-fuehrung-juli-einfach-mal-durchatmen\/#breadcrumb\"},\"inLanguage\":\"de\",\"potentialAction\":[{\"@type\":\"ReadAction\",\"target\":[\"https:\/\/dascoachingbyks.de\/cms\/12-monate-12-aspekte-der-fuehrung-juli-einfach-mal-durchatmen\/\"]}]},{\"@type\":\"BreadcrumbList\",\"@id\":\"https:\/\/dascoachingbyks.de\/cms\/12-monate-12-aspekte-der-fuehrung-juli-einfach-mal-durchatmen\/#breadcrumb\",\"itemListElement\":[{\"@type\":\"ListItem\",\"position\":1,\"name\":\"Startseite\",\"item\":\"https:\/\/dascoachingbyks.de\/cms\/\"},{\"@type\":\"ListItem\",\"position\":2,\"name\":\"12 Monate 12 Aspekte der F\u00fchrung Juli &#8222;Einfach mal durchatmen&#8220;\"}]},{\"@type\":\"WebSite\",\"@id\":\"https:\/\/dascoachingbyks.de\/cms\/#website\",\"url\":\"https:\/\/dascoachingbyks.de\/cms\/\",\"name\":\"Das Coaching by Kathrin Schmid\",\"description\":\"Deinen Aufstieg Starten\",\"publisher\":{\"@id\":\"https:\/\/dascoachingbyks.de\/cms\/#organization\"},\"potentialAction\":[{\"@type\":\"SearchAction\",\"target\":{\"@type\":\"EntryPoint\",\"urlTemplate\":\"https:\/\/dascoachingbyks.de\/cms\/?s={search_term_string}\"},\"query-input\":\"required name=search_term_string\"}],\"inLanguage\":\"de\"},{\"@type\":\"Organization\",\"@id\":\"https:\/\/dascoachingbyks.de\/cms\/#organization\",\"name\":\"das Coaching by KS\",\"url\":\"https:\/\/dascoachingbyks.de\/cms\/\",\"logo\":{\"@type\":\"ImageObject\",\"inLanguage\":\"de\",\"@id\":\"https:\/\/dascoachingbyks.de\/cms\/#\/schema\/logo\/image\/\",\"url\":\"https:\/\/dascoachingbyks.de\/cms\/wp-content\/uploads\/2022\/06\/das-coaching-Logo2021-fin.jpg\",\"contentUrl\":\"https:\/\/dascoachingbyks.de\/cms\/wp-content\/uploads\/2022\/06\/das-coaching-Logo2021-fin.jpg\",\"width\":2500,\"height\":1047,\"caption\":\"das Coaching by KS\"},\"image\":{\"@id\":\"https:\/\/dascoachingbyks.de\/cms\/#\/schema\/logo\/image\/\"}},{\"@type\":\"Person\",\"@id\":\"https:\/\/dascoachingbyks.de\/cms\/#\/schema\/person\/5edfa7f0bbae67979652656d1ae1385a\",\"name\":\"Karin\",\"image\":{\"@type\":\"ImageObject\",\"inLanguage\":\"de\",\"@id\":\"https:\/\/dascoachingbyks.de\/cms\/#\/schema\/person\/image\/\",\"url\":\"https:\/\/secure.gravatar.com\/avatar\/5d5bb6780dcccd9ae9244c24b86e95b3?s=96&d=mm&r=g\",\"contentUrl\":\"https:\/\/secure.gravatar.com\/avatar\/5d5bb6780dcccd9ae9244c24b86e95b3?s=96&d=mm&r=g\",\"caption\":\"Karin\"},\"url\":\"https:\/\/dascoachingbyks.de\/cms\/author\/grafik\/\"}]}<\/script>\n<!-- \/ Yoast SEO plugin. -->","yoast_head_json":{"title":"12 Monate 12 Aspekte der F\u00fchrung Juli \"Einfach mal durchatmen\" - Das Coaching by Kathrin Schmid","robots":{"index":"index","follow":"follow","max-snippet":"max-snippet:-1","max-image-preview":"max-image-preview:large","max-video-preview":"max-video-preview:-1"},"canonical":"https:\/\/dascoachingbyks.de\/cms\/12-monate-12-aspekte-der-fuehrung-juli-einfach-mal-durchatmen\/","og_locale":"de_DE","og_type":"article","og_title":"12 Monate 12 Aspekte der F\u00fchrung Juli \"Einfach mal durchatmen\" - Das Coaching by Kathrin Schmid","og_url":"https:\/\/dascoachingbyks.de\/cms\/12-monate-12-aspekte-der-fuehrung-juli-einfach-mal-durchatmen\/","og_site_name":"Das Coaching by Kathrin Schmid","article_published_time":"2023-07-04T12:32:59+00:00","og_image":[{"width":1024,"height":629,"url":"https:\/\/dascoachingbyks.de\/cms\/wp-content\/uploads\/2023\/03\/Werbefotos-von-mir.jpeg","type":"image\/jpeg"}],"author":"Karin","twitter_card":"summary_large_image","twitter_misc":{"Verfasst von":"Karin","Gesch\u00e4tzte Lesezeit":"5\u00a0Minuten"},"schema":{"@context":"https:\/\/schema.org","@graph":[{"@type":"Article","@id":"https:\/\/dascoachingbyks.de\/cms\/12-monate-12-aspekte-der-fuehrung-juli-einfach-mal-durchatmen\/#article","isPartOf":{"@id":"https:\/\/dascoachingbyks.de\/cms\/12-monate-12-aspekte-der-fuehrung-juli-einfach-mal-durchatmen\/"},"author":{"name":"Karin","@id":"https:\/\/dascoachingbyks.de\/cms\/#\/schema\/person\/5edfa7f0bbae67979652656d1ae1385a"},"headline":"12 Monate 12 Aspekte der F\u00fchrung Juli &#8222;Einfach mal durchatmen&#8220;","datePublished":"2023-07-04T12:32:59+00:00","dateModified":"2023-07-04T12:32:59+00:00","mainEntityOfPage":{"@id":"https:\/\/dascoachingbyks.de\/cms\/12-monate-12-aspekte-der-fuehrung-juli-einfach-mal-durchatmen\/"},"wordCount":1582,"commentCount":0,"publisher":{"@id":"https:\/\/dascoachingbyks.de\/cms\/#organization"},"articleSection":["Uncategorized"],"inLanguage":"de","potentialAction":[{"@type":"CommentAction","name":"Comment","target":["https:\/\/dascoachingbyks.de\/cms\/12-monate-12-aspekte-der-fuehrung-juli-einfach-mal-durchatmen\/#respond"]}]},{"@type":"WebPage","@id":"https:\/\/dascoachingbyks.de\/cms\/12-monate-12-aspekte-der-fuehrung-juli-einfach-mal-durchatmen\/","url":"https:\/\/dascoachingbyks.de\/cms\/12-monate-12-aspekte-der-fuehrung-juli-einfach-mal-durchatmen\/","name":"12 Monate 12 Aspekte der F\u00fchrung Juli \"Einfach mal durchatmen\" - Das Coaching by Kathrin Schmid","isPartOf":{"@id":"https:\/\/dascoachingbyks.de\/cms\/#website"},"datePublished":"2023-07-04T12:32:59+00:00","dateModified":"2023-07-04T12:32:59+00:00","breadcrumb":{"@id":"https:\/\/dascoachingbyks.de\/cms\/12-monate-12-aspekte-der-fuehrung-juli-einfach-mal-durchatmen\/#breadcrumb"},"inLanguage":"de","potentialAction":[{"@type":"ReadAction","target":["https:\/\/dascoachingbyks.de\/cms\/12-monate-12-aspekte-der-fuehrung-juli-einfach-mal-durchatmen\/"]}]},{"@type":"BreadcrumbList","@id":"https:\/\/dascoachingbyks.de\/cms\/12-monate-12-aspekte-der-fuehrung-juli-einfach-mal-durchatmen\/#breadcrumb","itemListElement":[{"@type":"ListItem","position":1,"name":"Startseite","item":"https:\/\/dascoachingbyks.de\/cms\/"},{"@type":"ListItem","position":2,"name":"12 Monate 12 Aspekte der F\u00fchrung Juli &#8222;Einfach mal durchatmen&#8220;"}]},{"@type":"WebSite","@id":"https:\/\/dascoachingbyks.de\/cms\/#website","url":"https:\/\/dascoachingbyks.de\/cms\/","name":"Das Coaching by Kathrin Schmid","description":"Deinen Aufstieg Starten","publisher":{"@id":"https:\/\/dascoachingbyks.de\/cms\/#organization"},"potentialAction":[{"@type":"SearchAction","target":{"@type":"EntryPoint","urlTemplate":"https:\/\/dascoachingbyks.de\/cms\/?s={search_term_string}"},"query-input":"required name=search_term_string"}],"inLanguage":"de"},{"@type":"Organization","@id":"https:\/\/dascoachingbyks.de\/cms\/#organization","name":"das Coaching by KS","url":"https:\/\/dascoachingbyks.de\/cms\/","logo":{"@type":"ImageObject","inLanguage":"de","@id":"https:\/\/dascoachingbyks.de\/cms\/#\/schema\/logo\/image\/","url":"https:\/\/dascoachingbyks.de\/cms\/wp-content\/uploads\/2022\/06\/das-coaching-Logo2021-fin.jpg","contentUrl":"https:\/\/dascoachingbyks.de\/cms\/wp-content\/uploads\/2022\/06\/das-coaching-Logo2021-fin.jpg","width":2500,"height":1047,"caption":"das Coaching by KS"},"image":{"@id":"https:\/\/dascoachingbyks.de\/cms\/#\/schema\/logo\/image\/"}},{"@type":"Person","@id":"https:\/\/dascoachingbyks.de\/cms\/#\/schema\/person\/5edfa7f0bbae67979652656d1ae1385a","name":"Karin","image":{"@type":"ImageObject","inLanguage":"de","@id":"https:\/\/dascoachingbyks.de\/cms\/#\/schema\/person\/image\/","url":"https:\/\/secure.gravatar.com\/avatar\/5d5bb6780dcccd9ae9244c24b86e95b3?s=96&d=mm&r=g","contentUrl":"https:\/\/secure.gravatar.com\/avatar\/5d5bb6780dcccd9ae9244c24b86e95b3?s=96&d=mm&r=g","caption":"Karin"},"url":"https:\/\/dascoachingbyks.de\/cms\/author\/grafik\/"}]}},"_links":{"self":[{"href":"https:\/\/dascoachingbyks.de\/cms\/wp-json\/wp\/v2\/posts\/1093"}],"collection":[{"href":"https:\/\/dascoachingbyks.de\/cms\/wp-json\/wp\/v2\/posts"}],"about":[{"href":"https:\/\/dascoachingbyks.de\/cms\/wp-json\/wp\/v2\/types\/post"}],"author":[{"embeddable":true,"href":"https:\/\/dascoachingbyks.de\/cms\/wp-json\/wp\/v2\/users\/2"}],"replies":[{"embeddable":true,"href":"https:\/\/dascoachingbyks.de\/cms\/wp-json\/wp\/v2\/comments?post=1093"}],"version-history":[{"count":2,"href":"https:\/\/dascoachingbyks.de\/cms\/wp-json\/wp\/v2\/posts\/1093\/revisions"}],"predecessor-version":[{"id":1095,"href":"https:\/\/dascoachingbyks.de\/cms\/wp-json\/wp\/v2\/posts\/1093\/revisions\/1095"}],"wp:featuredmedia":[{"embeddable":true,"href":"https:\/\/dascoachingbyks.de\/cms\/wp-json\/wp\/v2\/media\/1077"}],"wp:attachment":[{"href":"https:\/\/dascoachingbyks.de\/cms\/wp-json\/wp\/v2\/media?parent=1093"}],"wp:term":[{"taxonomy":"category","embeddable":true,"href":"https:\/\/dascoachingbyks.de\/cms\/wp-json\/wp\/v2\/categories?post=1093"},{"taxonomy":"post_tag","embeddable":true,"href":"https:\/\/dascoachingbyks.de\/cms\/wp-json\/wp\/v2\/tags?post=1093"}],"curies":[{"name":"wp","href":"https:\/\/api.w.org\/{rel}","templated":true}]}}