{"id":1054,"date":"2022-12-18T16:46:03","date_gmt":"2022-12-18T16:46:03","guid":{"rendered":"https:\/\/dascoachingbyks.de\/cms\/?p=1054"},"modified":"2022-12-18T16:48:21","modified_gmt":"2022-12-18T16:48:21","slug":"priorisieren-leicht-gesagt-und-schwer-gemacht","status":"publish","type":"post","link":"https:\/\/dascoachingbyks.de\/cms\/priorisieren-leicht-gesagt-und-schwer-gemacht\/","title":{"rendered":"Priorisieren"},"content":{"rendered":"<div class=\"fusion-fullwidth fullwidth-box fusion-builder-row-1 fusion-flex-container has-pattern-background has-mask-background nonhundred-percent-fullwidth non-hundred-percent-height-scrolling\" style=\"--awb-border-radius-top-left:0px;--awb-border-radius-top-right:0px;--awb-border-radius-bottom-right:0px;--awb-border-radius-bottom-left:0px;--awb-margin-top:100px;--awb-margin-bottom:100px;\" ><div class=\"fusion-builder-row fusion-row fusion-flex-align-items-flex-start\" style=\"max-width:1248px;margin-left: calc(-4% \/ 2 );margin-right: calc(-4% \/ 2 );\"><div class=\"fusion-layout-column fusion_builder_column fusion-builder-column-0 fusion_builder_column_1_1 1_1 fusion-flex-column\" style=\"--awb-bg-size:cover;--awb-width-large:100%;--awb-margin-top-large:0px;--awb-spacing-right-large:1.92%;--awb-margin-bottom-large:20px;--awb-spacing-left-large:1.92%;--awb-width-medium:100%;--awb-order-medium:0;--awb-spacing-right-medium:1.92%;--awb-spacing-left-medium:1.92%;--awb-width-small:100%;--awb-order-small:0;--awb-spacing-right-small:1.92%;--awb-spacing-left-small:1.92%;\"><div class=\"fusion-column-wrapper fusion-column-has-shadow fusion-flex-justify-content-flex-start fusion-content-layout-column\"><div class=\"fusion-title title fusion-title-1 fusion-sep-none fusion-title-text fusion-title-size-five\" style=\"--awb-text-color:var(--awb-color8);\"><h5 class=\"title-heading-left fusion-responsive-typography-calculated\" style=\"margin:0;text-transform:none;--fontSize:30;line-height:var(--awb-typography1-line-height);\"><p style=\"text-align: left;\">Priorisieren<\/p><\/h5><\/div><div class=\"fusion-title title fusion-title-2 fusion-sep-none fusion-title-text fusion-title-size-six\" style=\"--awb-text-color:var(--awb-color1);\"><h6 class=\"title-heading-left fusion-responsive-typography-calculated\" style=\"margin:0;text-transform:none;--fontSize:16;--minFontSize:16;line-height:var(--awb-typography1-line-height);\"><p style=\"text-align: left;\">Leicht gesagt und schwer gemacht<\/p><\/h6><\/div><div class=\"fusion-separator fusion-full-width-sep\" style=\"align-self: center;margin-left: auto;margin-right: auto;margin-top:4%;width:100%;\"><\/div><div class=\"fusion-text fusion-text-1\"><\/div>\n<p>Die besinnliche Weihnachtszeit ist nicht immer so besinnlich, wie wir uns das w\u00fcnschen. Nicht nur im privaten Leben, sondern auch im beruflichen Kontext ist, gerade vor Weihnachten, meist viel zu tun. Alles, was in dem aktuellen Jahr noch erledigt werden muss, wird versucht in eine sinnvolle Reihenfolge zu bringen.<\/p>\n<p>Klar ist, dass nicht alle Ding gleichzeitig erledigt werden k\u00f6nnen, auch wenn wir uns das oft w\u00fcnschen, ist es unrealistisch und schm\u00e4lert am Ende nur die Qualit\u00e4t des Ergebnisses.<br \/>\nWir sind also in dem Moment gezwungen, Priorit\u00e4ten zu setzen, die Aufgaben, die es zu erledigen gilt, in eine sinnvolle Reihenfolge zu bringen.<br \/>\nUnd ab dann wird es spannend.<br \/>\nGeben wir drei Menschen genau die gleichen Arbeitspakete und gleichen Abgabetermine, werden sich die Reihenfolg der Abarbeitungen unterscheiden. Warum ist das so?<br \/>\nWeil jeder f\u00fcr sich ein eigenes Bewertungssystem hat, das nach unterschiedlichen Kriterien funktioniert. Dem einen ist es vielleicht wichtig, zuerst die komplexeren Dinge erledigt zu haben, der andere m\u00f6chte im ersten Schritt die vielen kleinen to Does angegangen sein, um sp\u00e4ter in Ruhe an die gr\u00f6\u00dferen Arbeiten gehen zu k\u00f6nnen.<\/p>\n<p>Tats\u00e4chlich ist es nicht leicht gerade im beruflichen Kontext zu priorisieren. Der Schwierigkeitsgrad erh\u00f6ht sich dadurch, dass wir zum einen die eigenen Messkriterien mit denen des Unternehmens abgleichen m\u00fcssen, und an Hand dieses Ergebnisses entscheiden, was die beste Reihenfolge der Abarbeitung ist.<br \/>\nDazu kommt die Tatsache, dass man sich in Folge der Priorisierung, gedanklich f\u00fcr den Moment von einem Thema vollst\u00e4ndig verabschieden muss, um die Konzentration zu 100% auf das gerade zu erledigende Projekt richten zu k\u00f6nnen. Gerade dieser Punkt f\u00e4llt zu Beginn nicht leicht. Schlie\u00dflich hat jeder, eigene Arbeitsanspr\u00fcche und dazu geh\u00f6rt oft, dass man aufgetragene Dinge zeitnah erledigen m\u00f6chte. Bekomme ich allerdings f\u00fcnf Auftr\u00e4ge auf einmal zugeteilt, wird es nicht funktionieren, alle gleichzeitig zu bewerkstelligen. Wo wir wieder beim Thema Kommunikation w\u00e4ren. Diese ist oft der Schl\u00fcssel zum Erfolg. Kommuniziere ich in dieser Situation mit dem Auftraggeber in einer ehrlichen wertsch\u00e4tzenden Art und Weise, steht einem sp\u00e4teren Erledigungstermin oft nichts im Weg.<\/p>\n<p>Ich w\u00fcnsche Ihnen allen ein sch\u00f6nes Weihnachtsfest und einen guten Rutsch ins neue Jahr.<br \/>\nDenken Sie daran, wer gerade in diesen Feiertagen Priorit\u00e4t hat und genie\u00dfen Sie die Zeit.<\/p>\n<p>\/fusion_text]<div class=\"fusion-separator fusion-full-width-sep\" style=\"align-self: center;margin-left: auto;margin-right: auto;margin-top:4%;width:100%;\"><\/div><div style=\"text-align:left;\"><a class=\"fusion-button button-flat fusion-button-default-size button-default fusion-button-default button-1 fusion-button-default-span fusion-button-default-type\" target=\"_self\" href=\"https:\/\/dascoachingbyks.de\/cms\/index.php\/blog\"><span class=\"fusion-button-text\">ZUR\u00dcCK ZU DEN NEWS<\/span><\/a><\/div><\/div><\/div><\/div><\/div>\n","protected":false},"excerpt":{"rendered":"","protected":false},"author":2,"featured_media":1056,"comment_status":"open","ping_status":"open","sticky":false,"template":"","format":"standard","meta":[],"categories":[1],"tags":[],"yoast_head":"<!-- This site is optimized with the Yoast SEO plugin v20.5 - https:\/\/yoast.com\/wordpress\/plugins\/seo\/ -->\n<title>Priorisieren - Das Coaching by Kathrin Schmid<\/title>\n<meta name=\"robots\" content=\"index, follow, max-snippet:-1, max-image-preview:large, max-video-preview:-1\" \/>\n<link rel=\"canonical\" href=\"https:\/\/dascoachingbyks.de\/cms\/priorisieren-leicht-gesagt-und-schwer-gemacht\/\" \/>\n<meta property=\"og:locale\" content=\"de_DE\" \/>\n<meta property=\"og:type\" content=\"article\" \/>\n<meta property=\"og:title\" content=\"Priorisieren - Das Coaching by Kathrin Schmid\" \/>\n<meta property=\"og:url\" content=\"https:\/\/dascoachingbyks.de\/cms\/priorisieren-leicht-gesagt-und-schwer-gemacht\/\" \/>\n<meta property=\"og:site_name\" content=\"Das Coaching by Kathrin Schmid\" \/>\n<meta property=\"article:published_time\" content=\"2022-12-18T16:46:03+00:00\" \/>\n<meta property=\"article:modified_time\" content=\"2022-12-18T16:48:21+00:00\" \/>\n<meta property=\"og:image\" content=\"https:\/\/dascoachingbyks.de\/cms\/wp-content\/uploads\/2022\/12\/iStock-1433389527.jpg\" \/>\n\t<meta property=\"og:image:width\" content=\"702\" \/>\n\t<meta property=\"og:image:height\" content=\"498\" \/>\n\t<meta property=\"og:image:type\" content=\"image\/jpeg\" \/>\n<meta name=\"author\" content=\"Karin\" \/>\n<meta name=\"twitter:card\" content=\"summary_large_image\" \/>\n<meta name=\"twitter:label1\" content=\"Verfasst von\" \/>\n\t<meta name=\"twitter:data1\" content=\"Karin\" \/>\n\t<meta name=\"twitter:label2\" content=\"Gesch\u00e4tzte Lesezeit\" \/>\n\t<meta name=\"twitter:data2\" content=\"5\u00a0Minuten\" \/>\n<script type=\"application\/ld+json\" class=\"yoast-schema-graph\">{\"@context\":\"https:\/\/schema.org\",\"@graph\":[{\"@type\":\"Article\",\"@id\":\"https:\/\/dascoachingbyks.de\/cms\/priorisieren-leicht-gesagt-und-schwer-gemacht\/#article\",\"isPartOf\":{\"@id\":\"https:\/\/dascoachingbyks.de\/cms\/priorisieren-leicht-gesagt-und-schwer-gemacht\/\"},\"author\":{\"name\":\"Karin\",\"@id\":\"https:\/\/dascoachingbyks.de\/cms\/#\/schema\/person\/5edfa7f0bbae67979652656d1ae1385a\"},\"headline\":\"Priorisieren\",\"datePublished\":\"2022-12-18T16:46:03+00:00\",\"dateModified\":\"2022-12-18T16:48:21+00:00\",\"mainEntityOfPage\":{\"@id\":\"https:\/\/dascoachingbyks.de\/cms\/priorisieren-leicht-gesagt-und-schwer-gemacht\/\"},\"wordCount\":1742,\"commentCount\":0,\"publisher\":{\"@id\":\"https:\/\/dascoachingbyks.de\/cms\/#organization\"},\"articleSection\":[\"Uncategorized\"],\"inLanguage\":\"de\",\"potentialAction\":[{\"@type\":\"CommentAction\",\"name\":\"Comment\",\"target\":[\"https:\/\/dascoachingbyks.de\/cms\/priorisieren-leicht-gesagt-und-schwer-gemacht\/#respond\"]}]},{\"@type\":\"WebPage\",\"@id\":\"https:\/\/dascoachingbyks.de\/cms\/priorisieren-leicht-gesagt-und-schwer-gemacht\/\",\"url\":\"https:\/\/dascoachingbyks.de\/cms\/priorisieren-leicht-gesagt-und-schwer-gemacht\/\",\"name\":\"Priorisieren - Das Coaching by Kathrin Schmid\",\"isPartOf\":{\"@id\":\"https:\/\/dascoachingbyks.de\/cms\/#website\"},\"datePublished\":\"2022-12-18T16:46:03+00:00\",\"dateModified\":\"2022-12-18T16:48:21+00:00\",\"breadcrumb\":{\"@id\":\"https:\/\/dascoachingbyks.de\/cms\/priorisieren-leicht-gesagt-und-schwer-gemacht\/#breadcrumb\"},\"inLanguage\":\"de\",\"potentialAction\":[{\"@type\":\"ReadAction\",\"target\":[\"https:\/\/dascoachingbyks.de\/cms\/priorisieren-leicht-gesagt-und-schwer-gemacht\/\"]}]},{\"@type\":\"BreadcrumbList\",\"@id\":\"https:\/\/dascoachingbyks.de\/cms\/priorisieren-leicht-gesagt-und-schwer-gemacht\/#breadcrumb\",\"itemListElement\":[{\"@type\":\"ListItem\",\"position\":1,\"name\":\"Startseite\",\"item\":\"https:\/\/dascoachingbyks.de\/cms\/\"},{\"@type\":\"ListItem\",\"position\":2,\"name\":\"Priorisieren\"}]},{\"@type\":\"WebSite\",\"@id\":\"https:\/\/dascoachingbyks.de\/cms\/#website\",\"url\":\"https:\/\/dascoachingbyks.de\/cms\/\",\"name\":\"Das Coaching by Kathrin Schmid\",\"description\":\"Deinen Aufstieg Starten\",\"publisher\":{\"@id\":\"https:\/\/dascoachingbyks.de\/cms\/#organization\"},\"potentialAction\":[{\"@type\":\"SearchAction\",\"target\":{\"@type\":\"EntryPoint\",\"urlTemplate\":\"https:\/\/dascoachingbyks.de\/cms\/?s={search_term_string}\"},\"query-input\":\"required name=search_term_string\"}],\"inLanguage\":\"de\"},{\"@type\":\"Organization\",\"@id\":\"https:\/\/dascoachingbyks.de\/cms\/#organization\",\"name\":\"das Coaching by KS\",\"url\":\"https:\/\/dascoachingbyks.de\/cms\/\",\"logo\":{\"@type\":\"ImageObject\",\"inLanguage\":\"de\",\"@id\":\"https:\/\/dascoachingbyks.de\/cms\/#\/schema\/logo\/image\/\",\"url\":\"https:\/\/dascoachingbyks.de\/cms\/wp-content\/uploads\/2022\/06\/das-coaching-Logo2021-fin.jpg\",\"contentUrl\":\"https:\/\/dascoachingbyks.de\/cms\/wp-content\/uploads\/2022\/06\/das-coaching-Logo2021-fin.jpg\",\"width\":2500,\"height\":1047,\"caption\":\"das Coaching by KS\"},\"image\":{\"@id\":\"https:\/\/dascoachingbyks.de\/cms\/#\/schema\/logo\/image\/\"}},{\"@type\":\"Person\",\"@id\":\"https:\/\/dascoachingbyks.de\/cms\/#\/schema\/person\/5edfa7f0bbae67979652656d1ae1385a\",\"name\":\"Karin\",\"image\":{\"@type\":\"ImageObject\",\"inLanguage\":\"de\",\"@id\":\"https:\/\/dascoachingbyks.de\/cms\/#\/schema\/person\/image\/\",\"url\":\"https:\/\/secure.gravatar.com\/avatar\/5d5bb6780dcccd9ae9244c24b86e95b3?s=96&d=mm&r=g\",\"contentUrl\":\"https:\/\/secure.gravatar.com\/avatar\/5d5bb6780dcccd9ae9244c24b86e95b3?s=96&d=mm&r=g\",\"caption\":\"Karin\"},\"url\":\"https:\/\/dascoachingbyks.de\/cms\/author\/grafik\/\"}]}<\/script>\n<!-- \/ Yoast SEO plugin. -->","yoast_head_json":{"title":"Priorisieren - Das Coaching by Kathrin Schmid","robots":{"index":"index","follow":"follow","max-snippet":"max-snippet:-1","max-image-preview":"max-image-preview:large","max-video-preview":"max-video-preview:-1"},"canonical":"https:\/\/dascoachingbyks.de\/cms\/priorisieren-leicht-gesagt-und-schwer-gemacht\/","og_locale":"de_DE","og_type":"article","og_title":"Priorisieren - Das Coaching by Kathrin Schmid","og_url":"https:\/\/dascoachingbyks.de\/cms\/priorisieren-leicht-gesagt-und-schwer-gemacht\/","og_site_name":"Das Coaching by Kathrin Schmid","article_published_time":"2022-12-18T16:46:03+00:00","article_modified_time":"2022-12-18T16:48:21+00:00","og_image":[{"width":702,"height":498,"url":"https:\/\/dascoachingbyks.de\/cms\/wp-content\/uploads\/2022\/12\/iStock-1433389527.jpg","type":"image\/jpeg"}],"author":"Karin","twitter_card":"summary_large_image","twitter_misc":{"Verfasst von":"Karin","Gesch\u00e4tzte Lesezeit":"5\u00a0Minuten"},"schema":{"@context":"https:\/\/schema.org","@graph":[{"@type":"Article","@id":"https:\/\/dascoachingbyks.de\/cms\/priorisieren-leicht-gesagt-und-schwer-gemacht\/#article","isPartOf":{"@id":"https:\/\/dascoachingbyks.de\/cms\/priorisieren-leicht-gesagt-und-schwer-gemacht\/"},"author":{"name":"Karin","@id":"https:\/\/dascoachingbyks.de\/cms\/#\/schema\/person\/5edfa7f0bbae67979652656d1ae1385a"},"headline":"Priorisieren","datePublished":"2022-12-18T16:46:03+00:00","dateModified":"2022-12-18T16:48:21+00:00","mainEntityOfPage":{"@id":"https:\/\/dascoachingbyks.de\/cms\/priorisieren-leicht-gesagt-und-schwer-gemacht\/"},"wordCount":1742,"commentCount":0,"publisher":{"@id":"https:\/\/dascoachingbyks.de\/cms\/#organization"},"articleSection":["Uncategorized"],"inLanguage":"de","potentialAction":[{"@type":"CommentAction","name":"Comment","target":["https:\/\/dascoachingbyks.de\/cms\/priorisieren-leicht-gesagt-und-schwer-gemacht\/#respond"]}]},{"@type":"WebPage","@id":"https:\/\/dascoachingbyks.de\/cms\/priorisieren-leicht-gesagt-und-schwer-gemacht\/","url":"https:\/\/dascoachingbyks.de\/cms\/priorisieren-leicht-gesagt-und-schwer-gemacht\/","name":"Priorisieren - Das Coaching by Kathrin Schmid","isPartOf":{"@id":"https:\/\/dascoachingbyks.de\/cms\/#website"},"datePublished":"2022-12-18T16:46:03+00:00","dateModified":"2022-12-18T16:48:21+00:00","breadcrumb":{"@id":"https:\/\/dascoachingbyks.de\/cms\/priorisieren-leicht-gesagt-und-schwer-gemacht\/#breadcrumb"},"inLanguage":"de","potentialAction":[{"@type":"ReadAction","target":["https:\/\/dascoachingbyks.de\/cms\/priorisieren-leicht-gesagt-und-schwer-gemacht\/"]}]},{"@type":"BreadcrumbList","@id":"https:\/\/dascoachingbyks.de\/cms\/priorisieren-leicht-gesagt-und-schwer-gemacht\/#breadcrumb","itemListElement":[{"@type":"ListItem","position":1,"name":"Startseite","item":"https:\/\/dascoachingbyks.de\/cms\/"},{"@type":"ListItem","position":2,"name":"Priorisieren"}]},{"@type":"WebSite","@id":"https:\/\/dascoachingbyks.de\/cms\/#website","url":"https:\/\/dascoachingbyks.de\/cms\/","name":"Das Coaching by Kathrin Schmid","description":"Deinen Aufstieg Starten","publisher":{"@id":"https:\/\/dascoachingbyks.de\/cms\/#organization"},"potentialAction":[{"@type":"SearchAction","target":{"@type":"EntryPoint","urlTemplate":"https:\/\/dascoachingbyks.de\/cms\/?s={search_term_string}"},"query-input":"required name=search_term_string"}],"inLanguage":"de"},{"@type":"Organization","@id":"https:\/\/dascoachingbyks.de\/cms\/#organization","name":"das Coaching by KS","url":"https:\/\/dascoachingbyks.de\/cms\/","logo":{"@type":"ImageObject","inLanguage":"de","@id":"https:\/\/dascoachingbyks.de\/cms\/#\/schema\/logo\/image\/","url":"https:\/\/dascoachingbyks.de\/cms\/wp-content\/uploads\/2022\/06\/das-coaching-Logo2021-fin.jpg","contentUrl":"https:\/\/dascoachingbyks.de\/cms\/wp-content\/uploads\/2022\/06\/das-coaching-Logo2021-fin.jpg","width":2500,"height":1047,"caption":"das Coaching by KS"},"image":{"@id":"https:\/\/dascoachingbyks.de\/cms\/#\/schema\/logo\/image\/"}},{"@type":"Person","@id":"https:\/\/dascoachingbyks.de\/cms\/#\/schema\/person\/5edfa7f0bbae67979652656d1ae1385a","name":"Karin","image":{"@type":"ImageObject","inLanguage":"de","@id":"https:\/\/dascoachingbyks.de\/cms\/#\/schema\/person\/image\/","url":"https:\/\/secure.gravatar.com\/avatar\/5d5bb6780dcccd9ae9244c24b86e95b3?s=96&d=mm&r=g","contentUrl":"https:\/\/secure.gravatar.com\/avatar\/5d5bb6780dcccd9ae9244c24b86e95b3?s=96&d=mm&r=g","caption":"Karin"},"url":"https:\/\/dascoachingbyks.de\/cms\/author\/grafik\/"}]}},"_links":{"self":[{"href":"https:\/\/dascoachingbyks.de\/cms\/wp-json\/wp\/v2\/posts\/1054"}],"collection":[{"href":"https:\/\/dascoachingbyks.de\/cms\/wp-json\/wp\/v2\/posts"}],"about":[{"href":"https:\/\/dascoachingbyks.de\/cms\/wp-json\/wp\/v2\/types\/post"}],"author":[{"embeddable":true,"href":"https:\/\/dascoachingbyks.de\/cms\/wp-json\/wp\/v2\/users\/2"}],"replies":[{"embeddable":true,"href":"https:\/\/dascoachingbyks.de\/cms\/wp-json\/wp\/v2\/comments?post=1054"}],"version-history":[{"count":3,"href":"https:\/\/dascoachingbyks.de\/cms\/wp-json\/wp\/v2\/posts\/1054\/revisions"}],"predecessor-version":[{"id":1058,"href":"https:\/\/dascoachingbyks.de\/cms\/wp-json\/wp\/v2\/posts\/1054\/revisions\/1058"}],"wp:featuredmedia":[{"embeddable":true,"href":"https:\/\/dascoachingbyks.de\/cms\/wp-json\/wp\/v2\/media\/1056"}],"wp:attachment":[{"href":"https:\/\/dascoachingbyks.de\/cms\/wp-json\/wp\/v2\/media?parent=1054"}],"wp:term":[{"taxonomy":"category","embeddable":true,"href":"https:\/\/dascoachingbyks.de\/cms\/wp-json\/wp\/v2\/categories?post=1054"},{"taxonomy":"post_tag","embeddable":true,"href":"https:\/\/dascoachingbyks.de\/cms\/wp-json\/wp\/v2\/tags?post=1054"}],"curies":[{"name":"wp","href":"https:\/\/api.w.org\/{rel}","templated":true}]}}