{"id":1035,"date":"2022-10-23T10:09:45","date_gmt":"2022-10-23T10:09:45","guid":{"rendered":"https:\/\/dascoachingbyks.de\/cms\/?p=1035"},"modified":"2022-10-24T08:24:17","modified_gmt":"2022-10-24T08:24:17","slug":"verstecktes-potential","status":"publish","type":"post","link":"https:\/\/dascoachingbyks.de\/cms\/verstecktes-potential\/","title":{"rendered":"Verstecktes Potential"},"content":{"rendered":"<div class=\"fusion-fullwidth fullwidth-box fusion-builder-row-1 fusion-flex-container has-pattern-background has-mask-background nonhundred-percent-fullwidth non-hundred-percent-height-scrolling\" style=\"--awb-border-radius-top-left:0px;--awb-border-radius-top-right:0px;--awb-border-radius-bottom-right:0px;--awb-border-radius-bottom-left:0px;--awb-margin-top:100px;--awb-margin-bottom:100px;\" ><div class=\"fusion-builder-row fusion-row fusion-flex-align-items-flex-start\" style=\"max-width:1248px;margin-left: calc(-4% \/ 2 );margin-right: calc(-4% \/ 2 );\"><div class=\"fusion-layout-column fusion_builder_column fusion-builder-column-0 fusion_builder_column_1_1 1_1 fusion-flex-column\" style=\"--awb-bg-size:cover;--awb-width-large:100%;--awb-margin-top-large:0px;--awb-spacing-right-large:1.92%;--awb-margin-bottom-large:20px;--awb-spacing-left-large:1.92%;--awb-width-medium:100%;--awb-order-medium:0;--awb-spacing-right-medium:1.92%;--awb-spacing-left-medium:1.92%;--awb-width-small:100%;--awb-order-small:0;--awb-spacing-right-small:1.92%;--awb-spacing-left-small:1.92%;\"><div class=\"fusion-column-wrapper fusion-column-has-shadow fusion-flex-justify-content-flex-start fusion-content-layout-column\"><div class=\"fusion-title title fusion-title-1 fusion-sep-none fusion-title-text fusion-title-size-five\" style=\"--awb-text-color:var(--awb-color8);\"><h5 class=\"title-heading-left fusion-responsive-typography-calculated\" style=\"margin:0;text-transform:none;--fontSize:30;line-height:var(--awb-typography1-line-height);\"><p style=\"text-align: left;\">Verstecktes Potential<\/p><\/h5><\/div><div class=\"fusion-title title fusion-title-2 fusion-sep-none fusion-title-text fusion-title-size-six\" style=\"--awb-text-color:var(--awb-color1);\"><h6 class=\"title-heading-left fusion-responsive-typography-calculated\" style=\"margin:0;text-transform:none;--fontSize:16;--minFontSize:16;line-height:var(--awb-typography1-line-height);\">Wenn die Wolken sich lichten und die Bergspitze strahlt<\/h6><\/div><div class=\"fusion-separator fusion-full-width-sep\" style=\"align-self: center;margin-left: auto;margin-right: auto;margin-top:4%;width:100%;\"><\/div><div class=\"fusion-text fusion-text-1\"><p>Wenn Sie auch so leidenschaftliche Fans der Alpen sind, kennen Sie sicherlich folgende Situation.<br \/>\nSie sitzen im Zimmer, oder vor der Alm auf einer Bank und schauen auf das Bergmassiv. Aber leider ist es nicht zu sehen. Verdeckt von kr\u00e4ftigen Wolken, sehen Sie nichts, als eine wei\u00dfe Wand. Sie wissen genau, dahinter sind sie, die Berge, das massive Gestein, das so viel Kraft ausstrahlt und Sie so sehr lieben. Alleine der Anblick weckt Energie in Ihnen und l\u00e4sst Ihr Herz h\u00f6herschlagen. K\u00f6nnten Sie doch nur etwas erkennen, aber keine Chance, die Wolken verdecken alles. Sie warten und nach einer Zeit, hat der Wind es geschafft, zumindest eine kleine Spitze zu enth\u00fcllen. Es l\u00e4sst sich erahnen, wie hoch der Berg tats\u00e4chlich ist. Gewaltig.<\/p>\n<p>Nun stellen Sie sich vor, es geht gar nicht um den Berg, sondern dieser ist nur ein Synonym Ihrer versteckten Talente, Ihres wahren Potentials. Ist das kein sch\u00f6ner Gedanke?<br \/>\nAber es ist die Realit\u00e4t. Jeder von uns hat versteckte Talente und wir m\u00fcssen es \u201enur\u201c schaffen, diese sichtbar zu machen. Oft nehmen wir uns nicht die Zeit dazu, da wir im Alltag so damit besch\u00e4ftig sind, unsere Aufgaben zu erf\u00fcllen. Wir vergessen es, uns mit uns selbst auseinander zu setzen. Wann haben Sie sich die Zeit genommen, in sich hinein zu h\u00f6ren?<br \/>\nIst es nicht viel mehr so, dass wir immer dann, wenn wir die Zeit dazu h\u00e4tten, unser Handy in der Hand halten, um die neuesten Nachrichten zu lesen? Wir k\u00f6nnten etwas verpassen. Und ja wir verpassen damit wirklich viel. Wir verpassen die Chance, etwas \u00fcber uns zu erfahren.<\/p>\n<p>Testen Sie es einmal. Das n\u00e4chste Mal wenn Sie alleine sind und ein paar Minuten nur f\u00fcr sich haben, legen Sie einmal alles beiseite. Kein Handy, kein Fernseher, kein Buch oder \u00e4hnliches. Halten Sie einfach die Stille aus, lassen Sie ihre Gedanken schweifen und h\u00f6ren Sie auf die Stimmen, die in Ihrem Kopf unterwegs sind. Pl\u00f6tzlich kommen Fragen auf, Themen und Gedanken, die im Alltag meist zur Seite geschoben werden, verdeckt von den Wolken, die uns t\u00e4glich ablenken. Nehmen Sie sich gerne ein St\u00fcck Papier zur Hand und notieren Sie all die Dinge, die Sie besonders besch\u00e4ftigen. Stellen Sie sich selbst konkret die Frage, was kann ich besonders gut? Oder worin m\u00f6chte ich mich noch weiter entwickeln?<br \/>\nEs ist erstaunlich, welche Antworten in Ihnen selbst schlummern und dadurch zu Tage kommen. Es geht dabei darum, durch Selbstreflektion bestehende St\u00e4rken weiter zu entwickeln und neue ans Tageslicht zu bringen. Nat\u00fcrlich ist es ein Prozess, der hier angesto\u00dfen wird. Durch konsequentes Wiederholen, jedoch dazu f\u00fchrt, nicht nur die Bergspitze zu sehen, sondern den ganzen Berg sichtbar zu machen. St\u00fcck f\u00fcr St\u00fcck, bewegen wir uns dazu, die Wolken immer weiter zu vertreiben und so die Spitze, bis hinunter ins Tal zum Vorschein zu holen.<br \/>\nVielleicht kommen dabei Notwendigkeiten heraus, die es zu erlernen gilt. Vielleicht kommen dabei neue Wege heraus, die es zu begehen gilt. Aber eins kann sicher als Ergebnis festgestellt werden, wir lernen ganz viel \u00fcber uns selbst, wenn wir uns nur die Zeit nehmen, auch mal inne zu halten und unseren Gedanken den Freiraum lassen, ganz bewusst mit uns zu kommunizieren.<\/p>\n<p>Welche Erkenntnisse haben Sie am Ende gewonnen? Ich w\u00fcrde mich freuen, diese zu erfahren. Schreiben Sie mir gerne per Email und lassen mich wissen, wie genau Ihr Berg am Ende aussieht.<\/p>\n<p>Ich freu mich darauf!<\/p>\n<\/div><div class=\"fusion-separator fusion-full-width-sep\" style=\"align-self: center;margin-left: auto;margin-right: auto;margin-top:4%;width:100%;\"><\/div><div style=\"text-align:left;\"><a class=\"fusion-button button-flat fusion-button-default-size button-default fusion-button-default button-1 fusion-button-default-span fusion-button-default-type\" target=\"_self\" href=\"https:\/\/dascoachingbyks.de\/cms\/index.php\/blog\"><span class=\"fusion-button-text\">ZUR\u00dcCK ZU DEN NEWS<\/span><\/a><\/div><\/div><\/div><\/div><\/div>\n","protected":false},"excerpt":{"rendered":"","protected":false},"author":2,"featured_media":1037,"comment_status":"open","ping_status":"open","sticky":false,"template":"","format":"standard","meta":[],"categories":[1],"tags":[],"yoast_head":"<!-- This site is optimized with the Yoast SEO plugin v20.5 - https:\/\/yoast.com\/wordpress\/plugins\/seo\/ -->\n<title>Verstecktes Potential - Das Coaching by Kathrin Schmid<\/title>\n<meta name=\"robots\" content=\"index, follow, max-snippet:-1, max-image-preview:large, max-video-preview:-1\" \/>\n<link rel=\"canonical\" href=\"https:\/\/dascoachingbyks.de\/cms\/verstecktes-potential\/\" \/>\n<meta property=\"og:locale\" content=\"de_DE\" \/>\n<meta property=\"og:type\" content=\"article\" \/>\n<meta property=\"og:title\" content=\"Verstecktes Potential - Das Coaching by Kathrin Schmid\" \/>\n<meta property=\"og:url\" content=\"https:\/\/dascoachingbyks.de\/cms\/verstecktes-potential\/\" \/>\n<meta property=\"og:site_name\" content=\"Das Coaching by Kathrin Schmid\" \/>\n<meta property=\"article:published_time\" content=\"2022-10-23T10:09:45+00:00\" \/>\n<meta property=\"article:modified_time\" content=\"2022-10-24T08:24:17+00:00\" \/>\n<meta property=\"og:image\" content=\"https:\/\/dascoachingbyks.de\/cms\/wp-content\/uploads\/2022\/10\/iStock-612507606-scaled.jpg\" \/>\n\t<meta property=\"og:image:width\" content=\"2560\" \/>\n\t<meta property=\"og:image:height\" content=\"1679\" \/>\n\t<meta property=\"og:image:type\" content=\"image\/jpeg\" \/>\n<meta name=\"author\" content=\"Karin\" \/>\n<meta name=\"twitter:card\" content=\"summary_large_image\" \/>\n<meta name=\"twitter:label1\" content=\"Verfasst von\" \/>\n\t<meta name=\"twitter:data1\" content=\"Karin\" \/>\n\t<meta name=\"twitter:label2\" content=\"Gesch\u00e4tzte Lesezeit\" \/>\n\t<meta name=\"twitter:data2\" content=\"6\u00a0Minuten\" \/>\n<script type=\"application\/ld+json\" class=\"yoast-schema-graph\">{\"@context\":\"https:\/\/schema.org\",\"@graph\":[{\"@type\":\"Article\",\"@id\":\"https:\/\/dascoachingbyks.de\/cms\/verstecktes-potential\/#article\",\"isPartOf\":{\"@id\":\"https:\/\/dascoachingbyks.de\/cms\/verstecktes-potential\/\"},\"author\":{\"name\":\"Karin\",\"@id\":\"https:\/\/dascoachingbyks.de\/cms\/#\/schema\/person\/5edfa7f0bbae67979652656d1ae1385a\"},\"headline\":\"Verstecktes Potential\",\"datePublished\":\"2022-10-23T10:09:45+00:00\",\"dateModified\":\"2022-10-24T08:24:17+00:00\",\"mainEntityOfPage\":{\"@id\":\"https:\/\/dascoachingbyks.de\/cms\/verstecktes-potential\/\"},\"wordCount\":1945,\"commentCount\":0,\"publisher\":{\"@id\":\"https:\/\/dascoachingbyks.de\/cms\/#organization\"},\"articleSection\":[\"Uncategorized\"],\"inLanguage\":\"de\",\"potentialAction\":[{\"@type\":\"CommentAction\",\"name\":\"Comment\",\"target\":[\"https:\/\/dascoachingbyks.de\/cms\/verstecktes-potential\/#respond\"]}]},{\"@type\":\"WebPage\",\"@id\":\"https:\/\/dascoachingbyks.de\/cms\/verstecktes-potential\/\",\"url\":\"https:\/\/dascoachingbyks.de\/cms\/verstecktes-potential\/\",\"name\":\"Verstecktes Potential - Das Coaching by Kathrin Schmid\",\"isPartOf\":{\"@id\":\"https:\/\/dascoachingbyks.de\/cms\/#website\"},\"datePublished\":\"2022-10-23T10:09:45+00:00\",\"dateModified\":\"2022-10-24T08:24:17+00:00\",\"breadcrumb\":{\"@id\":\"https:\/\/dascoachingbyks.de\/cms\/verstecktes-potential\/#breadcrumb\"},\"inLanguage\":\"de\",\"potentialAction\":[{\"@type\":\"ReadAction\",\"target\":[\"https:\/\/dascoachingbyks.de\/cms\/verstecktes-potential\/\"]}]},{\"@type\":\"BreadcrumbList\",\"@id\":\"https:\/\/dascoachingbyks.de\/cms\/verstecktes-potential\/#breadcrumb\",\"itemListElement\":[{\"@type\":\"ListItem\",\"position\":1,\"name\":\"Startseite\",\"item\":\"https:\/\/dascoachingbyks.de\/cms\/\"},{\"@type\":\"ListItem\",\"position\":2,\"name\":\"Verstecktes Potential\"}]},{\"@type\":\"WebSite\",\"@id\":\"https:\/\/dascoachingbyks.de\/cms\/#website\",\"url\":\"https:\/\/dascoachingbyks.de\/cms\/\",\"name\":\"Das Coaching by Kathrin Schmid\",\"description\":\"Deinen Aufstieg Starten\",\"publisher\":{\"@id\":\"https:\/\/dascoachingbyks.de\/cms\/#organization\"},\"potentialAction\":[{\"@type\":\"SearchAction\",\"target\":{\"@type\":\"EntryPoint\",\"urlTemplate\":\"https:\/\/dascoachingbyks.de\/cms\/?s={search_term_string}\"},\"query-input\":\"required name=search_term_string\"}],\"inLanguage\":\"de\"},{\"@type\":\"Organization\",\"@id\":\"https:\/\/dascoachingbyks.de\/cms\/#organization\",\"name\":\"das Coaching by KS\",\"url\":\"https:\/\/dascoachingbyks.de\/cms\/\",\"logo\":{\"@type\":\"ImageObject\",\"inLanguage\":\"de\",\"@id\":\"https:\/\/dascoachingbyks.de\/cms\/#\/schema\/logo\/image\/\",\"url\":\"https:\/\/dascoachingbyks.de\/cms\/wp-content\/uploads\/2022\/06\/das-coaching-Logo2021-fin.jpg\",\"contentUrl\":\"https:\/\/dascoachingbyks.de\/cms\/wp-content\/uploads\/2022\/06\/das-coaching-Logo2021-fin.jpg\",\"width\":2500,\"height\":1047,\"caption\":\"das Coaching by KS\"},\"image\":{\"@id\":\"https:\/\/dascoachingbyks.de\/cms\/#\/schema\/logo\/image\/\"}},{\"@type\":\"Person\",\"@id\":\"https:\/\/dascoachingbyks.de\/cms\/#\/schema\/person\/5edfa7f0bbae67979652656d1ae1385a\",\"name\":\"Karin\",\"image\":{\"@type\":\"ImageObject\",\"inLanguage\":\"de\",\"@id\":\"https:\/\/dascoachingbyks.de\/cms\/#\/schema\/person\/image\/\",\"url\":\"https:\/\/secure.gravatar.com\/avatar\/5d5bb6780dcccd9ae9244c24b86e95b3?s=96&d=mm&r=g\",\"contentUrl\":\"https:\/\/secure.gravatar.com\/avatar\/5d5bb6780dcccd9ae9244c24b86e95b3?s=96&d=mm&r=g\",\"caption\":\"Karin\"},\"url\":\"https:\/\/dascoachingbyks.de\/cms\/author\/grafik\/\"}]}<\/script>\n<!-- \/ Yoast SEO plugin. -->","yoast_head_json":{"title":"Verstecktes Potential - Das Coaching by Kathrin Schmid","robots":{"index":"index","follow":"follow","max-snippet":"max-snippet:-1","max-image-preview":"max-image-preview:large","max-video-preview":"max-video-preview:-1"},"canonical":"https:\/\/dascoachingbyks.de\/cms\/verstecktes-potential\/","og_locale":"de_DE","og_type":"article","og_title":"Verstecktes Potential - Das Coaching by Kathrin Schmid","og_url":"https:\/\/dascoachingbyks.de\/cms\/verstecktes-potential\/","og_site_name":"Das Coaching by Kathrin Schmid","article_published_time":"2022-10-23T10:09:45+00:00","article_modified_time":"2022-10-24T08:24:17+00:00","og_image":[{"width":2560,"height":1679,"url":"https:\/\/dascoachingbyks.de\/cms\/wp-content\/uploads\/2022\/10\/iStock-612507606-scaled.jpg","type":"image\/jpeg"}],"author":"Karin","twitter_card":"summary_large_image","twitter_misc":{"Verfasst von":"Karin","Gesch\u00e4tzte Lesezeit":"6\u00a0Minuten"},"schema":{"@context":"https:\/\/schema.org","@graph":[{"@type":"Article","@id":"https:\/\/dascoachingbyks.de\/cms\/verstecktes-potential\/#article","isPartOf":{"@id":"https:\/\/dascoachingbyks.de\/cms\/verstecktes-potential\/"},"author":{"name":"Karin","@id":"https:\/\/dascoachingbyks.de\/cms\/#\/schema\/person\/5edfa7f0bbae67979652656d1ae1385a"},"headline":"Verstecktes Potential","datePublished":"2022-10-23T10:09:45+00:00","dateModified":"2022-10-24T08:24:17+00:00","mainEntityOfPage":{"@id":"https:\/\/dascoachingbyks.de\/cms\/verstecktes-potential\/"},"wordCount":1945,"commentCount":0,"publisher":{"@id":"https:\/\/dascoachingbyks.de\/cms\/#organization"},"articleSection":["Uncategorized"],"inLanguage":"de","potentialAction":[{"@type":"CommentAction","name":"Comment","target":["https:\/\/dascoachingbyks.de\/cms\/verstecktes-potential\/#respond"]}]},{"@type":"WebPage","@id":"https:\/\/dascoachingbyks.de\/cms\/verstecktes-potential\/","url":"https:\/\/dascoachingbyks.de\/cms\/verstecktes-potential\/","name":"Verstecktes Potential - Das Coaching by Kathrin Schmid","isPartOf":{"@id":"https:\/\/dascoachingbyks.de\/cms\/#website"},"datePublished":"2022-10-23T10:09:45+00:00","dateModified":"2022-10-24T08:24:17+00:00","breadcrumb":{"@id":"https:\/\/dascoachingbyks.de\/cms\/verstecktes-potential\/#breadcrumb"},"inLanguage":"de","potentialAction":[{"@type":"ReadAction","target":["https:\/\/dascoachingbyks.de\/cms\/verstecktes-potential\/"]}]},{"@type":"BreadcrumbList","@id":"https:\/\/dascoachingbyks.de\/cms\/verstecktes-potential\/#breadcrumb","itemListElement":[{"@type":"ListItem","position":1,"name":"Startseite","item":"https:\/\/dascoachingbyks.de\/cms\/"},{"@type":"ListItem","position":2,"name":"Verstecktes Potential"}]},{"@type":"WebSite","@id":"https:\/\/dascoachingbyks.de\/cms\/#website","url":"https:\/\/dascoachingbyks.de\/cms\/","name":"Das Coaching by Kathrin Schmid","description":"Deinen Aufstieg Starten","publisher":{"@id":"https:\/\/dascoachingbyks.de\/cms\/#organization"},"potentialAction":[{"@type":"SearchAction","target":{"@type":"EntryPoint","urlTemplate":"https:\/\/dascoachingbyks.de\/cms\/?s={search_term_string}"},"query-input":"required name=search_term_string"}],"inLanguage":"de"},{"@type":"Organization","@id":"https:\/\/dascoachingbyks.de\/cms\/#organization","name":"das Coaching by KS","url":"https:\/\/dascoachingbyks.de\/cms\/","logo":{"@type":"ImageObject","inLanguage":"de","@id":"https:\/\/dascoachingbyks.de\/cms\/#\/schema\/logo\/image\/","url":"https:\/\/dascoachingbyks.de\/cms\/wp-content\/uploads\/2022\/06\/das-coaching-Logo2021-fin.jpg","contentUrl":"https:\/\/dascoachingbyks.de\/cms\/wp-content\/uploads\/2022\/06\/das-coaching-Logo2021-fin.jpg","width":2500,"height":1047,"caption":"das Coaching by KS"},"image":{"@id":"https:\/\/dascoachingbyks.de\/cms\/#\/schema\/logo\/image\/"}},{"@type":"Person","@id":"https:\/\/dascoachingbyks.de\/cms\/#\/schema\/person\/5edfa7f0bbae67979652656d1ae1385a","name":"Karin","image":{"@type":"ImageObject","inLanguage":"de","@id":"https:\/\/dascoachingbyks.de\/cms\/#\/schema\/person\/image\/","url":"https:\/\/secure.gravatar.com\/avatar\/5d5bb6780dcccd9ae9244c24b86e95b3?s=96&d=mm&r=g","contentUrl":"https:\/\/secure.gravatar.com\/avatar\/5d5bb6780dcccd9ae9244c24b86e95b3?s=96&d=mm&r=g","caption":"Karin"},"url":"https:\/\/dascoachingbyks.de\/cms\/author\/grafik\/"}]}},"_links":{"self":[{"href":"https:\/\/dascoachingbyks.de\/cms\/wp-json\/wp\/v2\/posts\/1035"}],"collection":[{"href":"https:\/\/dascoachingbyks.de\/cms\/wp-json\/wp\/v2\/posts"}],"about":[{"href":"https:\/\/dascoachingbyks.de\/cms\/wp-json\/wp\/v2\/types\/post"}],"author":[{"embeddable":true,"href":"https:\/\/dascoachingbyks.de\/cms\/wp-json\/wp\/v2\/users\/2"}],"replies":[{"embeddable":true,"href":"https:\/\/dascoachingbyks.de\/cms\/wp-json\/wp\/v2\/comments?post=1035"}],"version-history":[{"count":3,"href":"https:\/\/dascoachingbyks.de\/cms\/wp-json\/wp\/v2\/posts\/1035\/revisions"}],"predecessor-version":[{"id":1039,"href":"https:\/\/dascoachingbyks.de\/cms\/wp-json\/wp\/v2\/posts\/1035\/revisions\/1039"}],"wp:featuredmedia":[{"embeddable":true,"href":"https:\/\/dascoachingbyks.de\/cms\/wp-json\/wp\/v2\/media\/1037"}],"wp:attachment":[{"href":"https:\/\/dascoachingbyks.de\/cms\/wp-json\/wp\/v2\/media?parent=1035"}],"wp:term":[{"taxonomy":"category","embeddable":true,"href":"https:\/\/dascoachingbyks.de\/cms\/wp-json\/wp\/v2\/categories?post=1035"},{"taxonomy":"post_tag","embeddable":true,"href":"https:\/\/dascoachingbyks.de\/cms\/wp-json\/wp\/v2\/tags?post=1035"}],"curies":[{"name":"wp","href":"https:\/\/api.w.org\/{rel}","templated":true}]}}