{"id":1027,"date":"2022-10-11T18:36:47","date_gmt":"2022-10-11T18:36:47","guid":{"rendered":"https:\/\/dascoachingbyks.de\/cms\/?p=1027"},"modified":"2022-10-11T18:36:47","modified_gmt":"2022-10-11T18:36:47","slug":"das-innere-team","status":"publish","type":"post","link":"https:\/\/dascoachingbyks.de\/cms\/das-innere-team\/","title":{"rendered":"Das innere Team"},"content":{"rendered":"<div class=\"fusion-fullwidth fullwidth-box fusion-builder-row-1 fusion-flex-container has-pattern-background has-mask-background nonhundred-percent-fullwidth non-hundred-percent-height-scrolling\" style=\"--awb-border-radius-top-left:0px;--awb-border-radius-top-right:0px;--awb-border-radius-bottom-right:0px;--awb-border-radius-bottom-left:0px;--awb-margin-top:100px;--awb-margin-bottom:100px;\" ><div class=\"fusion-builder-row fusion-row fusion-flex-align-items-flex-start\" style=\"max-width:1248px;margin-left: calc(-4% \/ 2 );margin-right: calc(-4% \/ 2 );\"><div class=\"fusion-layout-column fusion_builder_column fusion-builder-column-0 fusion_builder_column_1_1 1_1 fusion-flex-column\" style=\"--awb-bg-size:cover;--awb-width-large:100%;--awb-margin-top-large:0px;--awb-spacing-right-large:1.92%;--awb-margin-bottom-large:20px;--awb-spacing-left-large:1.92%;--awb-width-medium:100%;--awb-order-medium:0;--awb-spacing-right-medium:1.92%;--awb-spacing-left-medium:1.92%;--awb-width-small:100%;--awb-order-small:0;--awb-spacing-right-small:1.92%;--awb-spacing-left-small:1.92%;\"><div class=\"fusion-column-wrapper fusion-column-has-shadow fusion-flex-justify-content-flex-start fusion-content-layout-column\"><div class=\"fusion-title title fusion-title-1 fusion-sep-none fusion-title-text fusion-title-size-five\" style=\"--awb-text-color:var(--awb-color8);\"><h5 class=\"title-heading-left fusion-responsive-typography-calculated\" style=\"margin:0;text-transform:none;--fontSize:30;line-height:var(--awb-typography1-line-height);\"><p style=\"text-align: left;\">Das innere Team<\/p><\/h5><\/div><div class=\"fusion-title title fusion-title-2 fusion-sep-none fusion-title-text fusion-title-size-six\" style=\"--awb-text-color:var(--awb-color1);\"><h6 class=\"title-heading-left fusion-responsive-typography-calculated\" style=\"margin:0;text-transform:none;--fontSize:16;--minFontSize:16;line-height:var(--awb-typography1-line-height);\"><p style=\"text-align: left;\">Ansto\u00df f\u00fcr die ersten 90 Minuten + X Verl\u00e4ngerung<\/p><\/h6><\/div><div class=\"fusion-separator fusion-full-width-sep\" style=\"align-self: center;margin-left: auto;margin-right: auto;margin-top:4%;width:100%;\"><\/div><div class=\"fusion-text fusion-text-1\"><p>Haben Sie sich schon einmal ganz bewusst mit Ihrem inneren Team besch\u00e4ftigt?<\/p>\n<p>Ich bis vor kurzem noch nicht. Ich war mir noch nicht mal im Klaren, dass ich ein inneres Team habe. Ich hatte mir schlicht und ergreifend bis dato noch keine Gedanken dazu gemacht, was es damit auf sich hat, wenn ich in Entscheidungssituationen verschiedene Standpunkte in mir ausgefochten habe. Wann besch\u00e4ftigt man sich auch damit?<br \/>\nEs handelt sich um einen normalen Ablauf, den wir im Laufe des Erwachsenwerdens aufgebaut haben. Diesen Prozess durchlaufen wir oft mehrmals t\u00e4glich und er beginnt unter Umst\u00e4nden schon morgens, beim Aussuchen der Kleider.<br \/>\nZiehe ich die Jeans oder die Stoffhose an, den schwarzen oder den blauen Pullover. Wir w\u00e4gen ab. Eine Stimme sagt vielleicht, \u201edie Jeans hattest du erst vor zwei Tagen an\u201c, die andere wird laut und h\u00e4lt dagegen \u201esie ist aber so bequem\u201c und eine Dritte meldet sich zu Wort mit der Botschaft, \u201eich zieh sie ja nicht zwei Tage hintereinander an\u201c.<br \/>\nIch denke Sie ahnen worauf ich hinaus m\u00f6chte.<br \/>\nAll diese Stimmen, diese Botschaften sind innere Teammitglieder, die sich zu Wort melden. Und auf deren Grundlage wir am Ende eine Entscheidung treffen. Nun kommt es aber nicht selten vor, dass wir uns gar nicht die Zeit nehmen, alle Mitglieder anzuh\u00f6ren, oder demjenigen, der etwas ruhiger ist, nicht den Raum geben, all seine Gedanken mitzuteilen. Das f\u00fchrt dazu, dass wir eine Entscheidung treffen, die wir im Nachgang wieder hinterfragen. Grund daf\u00fcr ist, dass vielleicht genau das Teammitglied, das auch noch eine Meinung zum Thema Jeansauswahl hatte, erst im Nachgang laut genug wird, wenn die Entscheidung schon gefallen ist.<\/p>\n<p>\u00dcbertragen auf den Kontext Arbeit und F\u00fchrungskraft, kann man also festhalten, dass jede F\u00fchrungskraft nicht ein Team, sondern zwei Teams f\u00fchrt. Diese Erkenntnis stellt nat\u00fcrlich neue Herausforderung aber auch Chancen auf, wenn man bereit ist, sich mit dem eigenen inneren Team auseinander zu setzen. Stellen wir uns im Kontext Arbeit einmal folgende Situation vor.<br \/>\nEin Mitarbeiter aus Ihrem Team m\u00f6chte sich auf eine konkrete Stelle hin weiterentwickeln und bittet, um ein dazu ben\u00f6tigtes Seminar. Perspektivisch m\u00f6chte er in Sachen Karriere noch ein paar Schritte weiterkommen. \u00a0Schon geht Ihre innere Diskussion los. Bennen wir dieses Mal die eingehenden Meinungen konkret mit Namen.<br \/>\nKritiker \u201eIch habe ihm immer geholfen, jetzt will er uns im Stich lassen\u201c!<br \/>\n\u00c4ngstliche \u201eWenn er dann tats\u00e4chlich weggeht, wird mein Team geschw\u00e4cht\u201c?<br \/>\nHilfsbereite \u201eIch w\u00fcrde ihm bei der Weiterentwicklung aber schon gern helfen\u201c.<br \/>\nUnd vielleicht gibt es noch viele mehr.<\/p>\n<p>Durch das Auseinandersetzen mit den inneren Teammitgliedern, mit dem Kritiker, dem \u00c4ngstlichen und dem Hilfsbereiten besteht die Chance ein Kompromiss zu finden, mit dem alle Beteiligten im Innen, wie auch im Au\u00dfen zufrieden sein k\u00f6nnen. Wie k\u00f6nnte das zum Beispiel aussehen? Nachdem alle angeh\u00f6rt wurden, k\u00f6nnen sie als F\u00fchrungskraft entscheiden, dass ein Seminar durchaus sinnvoll ist und sie dies auch unterst\u00fctzen. Allerdings wird eine Voraussetzung festgehalten, dass er die n\u00e4chsten beiden Jahre dem Team erhalten bleibt, bis ein Nachfolger gefunden ist.<br \/>\nDie Herausforderung bei dieser Art der Entscheidungsfindung ist, das \u201eAushalten\u201c. Sie m\u00fcssen es, gerade zu Beginn schaffen, die Zeit zu investieren wirklich alle inneren Haltungen anzuh\u00f6ren. Hierbei sollte man die einzelnen Botschaften die ankommen aufschreiben und vielleicht auch namentlich benennen, um eine bessere Zuordnung von weiteren Wortmeldungen umsetzen zu k\u00f6nnen. Am Ende kann, wie im oberen Beispiel aufgezeigt, die L\u00f6sung\/ Entscheidung ein Kompromiss sein, der dann aber im Nachgang keine Selbstzweifel zul\u00e4sst.<\/p>\n<p>Durch die Kenntnis und das Arbeiten mit dem inneren Team, haben wir daher die M\u00f6glichkeit, unsere Kommunikation nach au\u00dfen, in Form der Selbstkundgabe klarer und deutlicher zu platzieren. Unser inneres Team ist sich in seiner Entscheidung einig und kann diese voller \u00dcberzeugung nach au\u00dfen kommunizieren.<br \/>\nEines ist dabei zu beachten, wie im Fu\u00dfball, muss mit dem Team in Sachen Kommunikation bei jeder M\u00f6glichkeit trainiert werden, um am Ende in der Bundesliga zu spielen.<\/p>\n<p>Viel Spa\u00df beim Trainieren!<\/p>\n<\/div><div class=\"fusion-separator fusion-full-width-sep\" style=\"align-self: center;margin-left: auto;margin-right: auto;margin-top:4%;width:100%;\"><\/div><div style=\"text-align:left;\"><a class=\"fusion-button button-flat fusion-button-default-size button-default fusion-button-default button-1 fusion-button-default-span fusion-button-default-type\" target=\"_self\" href=\"https:\/\/dascoachingbyks.de\/cms\/index.php\/blog\"><span class=\"fusion-button-text\">ZUR\u00dcCK ZU DEN NEWS<\/span><\/a><\/div><\/div><\/div><\/div><\/div>\n","protected":false},"excerpt":{"rendered":"","protected":false},"author":2,"featured_media":1029,"comment_status":"open","ping_status":"open","sticky":false,"template":"","format":"standard","meta":[],"categories":[1],"tags":[],"yoast_head":"<!-- This site is optimized with the Yoast SEO plugin v20.5 - https:\/\/yoast.com\/wordpress\/plugins\/seo\/ -->\n<title>Das innere Team - Das Coaching by Kathrin Schmid<\/title>\n<meta name=\"robots\" content=\"index, follow, max-snippet:-1, max-image-preview:large, max-video-preview:-1\" \/>\n<link rel=\"canonical\" href=\"https:\/\/dascoachingbyks.de\/cms\/das-innere-team\/\" \/>\n<meta property=\"og:locale\" content=\"de_DE\" \/>\n<meta property=\"og:type\" content=\"article\" \/>\n<meta property=\"og:title\" content=\"Das innere Team - Das Coaching by Kathrin Schmid\" \/>\n<meta property=\"og:url\" content=\"https:\/\/dascoachingbyks.de\/cms\/das-innere-team\/\" \/>\n<meta property=\"og:site_name\" content=\"Das Coaching by Kathrin Schmid\" \/>\n<meta property=\"article:published_time\" content=\"2022-10-11T18:36:47+00:00\" \/>\n<meta property=\"og:image\" content=\"https:\/\/dascoachingbyks.de\/cms\/wp-content\/uploads\/2022\/10\/team-geef9a85ce_1920.jpg\" \/>\n\t<meta property=\"og:image:width\" content=\"1920\" \/>\n\t<meta property=\"og:image:height\" content=\"831\" \/>\n\t<meta property=\"og:image:type\" content=\"image\/jpeg\" \/>\n<meta name=\"author\" content=\"Karin\" \/>\n<meta name=\"twitter:card\" content=\"summary_large_image\" \/>\n<meta name=\"twitter:label1\" content=\"Verfasst von\" \/>\n\t<meta name=\"twitter:data1\" content=\"Karin\" \/>\n\t<meta name=\"twitter:label2\" content=\"Gesch\u00e4tzte Lesezeit\" \/>\n\t<meta name=\"twitter:data2\" content=\"7\u00a0Minuten\" \/>\n<script type=\"application\/ld+json\" class=\"yoast-schema-graph\">{\"@context\":\"https:\/\/schema.org\",\"@graph\":[{\"@type\":\"Article\",\"@id\":\"https:\/\/dascoachingbyks.de\/cms\/das-innere-team\/#article\",\"isPartOf\":{\"@id\":\"https:\/\/dascoachingbyks.de\/cms\/das-innere-team\/\"},\"author\":{\"name\":\"Karin\",\"@id\":\"https:\/\/dascoachingbyks.de\/cms\/#\/schema\/person\/5edfa7f0bbae67979652656d1ae1385a\"},\"headline\":\"Das innere Team\",\"datePublished\":\"2022-10-11T18:36:47+00:00\",\"dateModified\":\"2022-10-11T18:36:47+00:00\",\"mainEntityOfPage\":{\"@id\":\"https:\/\/dascoachingbyks.de\/cms\/das-innere-team\/\"},\"wordCount\":2034,\"commentCount\":0,\"publisher\":{\"@id\":\"https:\/\/dascoachingbyks.de\/cms\/#organization\"},\"articleSection\":[\"Uncategorized\"],\"inLanguage\":\"de\",\"potentialAction\":[{\"@type\":\"CommentAction\",\"name\":\"Comment\",\"target\":[\"https:\/\/dascoachingbyks.de\/cms\/das-innere-team\/#respond\"]}]},{\"@type\":\"WebPage\",\"@id\":\"https:\/\/dascoachingbyks.de\/cms\/das-innere-team\/\",\"url\":\"https:\/\/dascoachingbyks.de\/cms\/das-innere-team\/\",\"name\":\"Das innere Team - Das Coaching by Kathrin Schmid\",\"isPartOf\":{\"@id\":\"https:\/\/dascoachingbyks.de\/cms\/#website\"},\"datePublished\":\"2022-10-11T18:36:47+00:00\",\"dateModified\":\"2022-10-11T18:36:47+00:00\",\"breadcrumb\":{\"@id\":\"https:\/\/dascoachingbyks.de\/cms\/das-innere-team\/#breadcrumb\"},\"inLanguage\":\"de\",\"potentialAction\":[{\"@type\":\"ReadAction\",\"target\":[\"https:\/\/dascoachingbyks.de\/cms\/das-innere-team\/\"]}]},{\"@type\":\"BreadcrumbList\",\"@id\":\"https:\/\/dascoachingbyks.de\/cms\/das-innere-team\/#breadcrumb\",\"itemListElement\":[{\"@type\":\"ListItem\",\"position\":1,\"name\":\"Startseite\",\"item\":\"https:\/\/dascoachingbyks.de\/cms\/\"},{\"@type\":\"ListItem\",\"position\":2,\"name\":\"Das innere Team\"}]},{\"@type\":\"WebSite\",\"@id\":\"https:\/\/dascoachingbyks.de\/cms\/#website\",\"url\":\"https:\/\/dascoachingbyks.de\/cms\/\",\"name\":\"Das Coaching by Kathrin Schmid\",\"description\":\"Deinen Aufstieg Starten\",\"publisher\":{\"@id\":\"https:\/\/dascoachingbyks.de\/cms\/#organization\"},\"potentialAction\":[{\"@type\":\"SearchAction\",\"target\":{\"@type\":\"EntryPoint\",\"urlTemplate\":\"https:\/\/dascoachingbyks.de\/cms\/?s={search_term_string}\"},\"query-input\":\"required name=search_term_string\"}],\"inLanguage\":\"de\"},{\"@type\":\"Organization\",\"@id\":\"https:\/\/dascoachingbyks.de\/cms\/#organization\",\"name\":\"das Coaching by KS\",\"url\":\"https:\/\/dascoachingbyks.de\/cms\/\",\"logo\":{\"@type\":\"ImageObject\",\"inLanguage\":\"de\",\"@id\":\"https:\/\/dascoachingbyks.de\/cms\/#\/schema\/logo\/image\/\",\"url\":\"https:\/\/dascoachingbyks.de\/cms\/wp-content\/uploads\/2022\/06\/das-coaching-Logo2021-fin.jpg\",\"contentUrl\":\"https:\/\/dascoachingbyks.de\/cms\/wp-content\/uploads\/2022\/06\/das-coaching-Logo2021-fin.jpg\",\"width\":2500,\"height\":1047,\"caption\":\"das Coaching by KS\"},\"image\":{\"@id\":\"https:\/\/dascoachingbyks.de\/cms\/#\/schema\/logo\/image\/\"}},{\"@type\":\"Person\",\"@id\":\"https:\/\/dascoachingbyks.de\/cms\/#\/schema\/person\/5edfa7f0bbae67979652656d1ae1385a\",\"name\":\"Karin\",\"image\":{\"@type\":\"ImageObject\",\"inLanguage\":\"de\",\"@id\":\"https:\/\/dascoachingbyks.de\/cms\/#\/schema\/person\/image\/\",\"url\":\"https:\/\/secure.gravatar.com\/avatar\/5d5bb6780dcccd9ae9244c24b86e95b3?s=96&d=mm&r=g\",\"contentUrl\":\"https:\/\/secure.gravatar.com\/avatar\/5d5bb6780dcccd9ae9244c24b86e95b3?s=96&d=mm&r=g\",\"caption\":\"Karin\"},\"url\":\"https:\/\/dascoachingbyks.de\/cms\/author\/grafik\/\"}]}<\/script>\n<!-- \/ Yoast SEO plugin. -->","yoast_head_json":{"title":"Das innere Team - Das Coaching by Kathrin Schmid","robots":{"index":"index","follow":"follow","max-snippet":"max-snippet:-1","max-image-preview":"max-image-preview:large","max-video-preview":"max-video-preview:-1"},"canonical":"https:\/\/dascoachingbyks.de\/cms\/das-innere-team\/","og_locale":"de_DE","og_type":"article","og_title":"Das innere Team - Das Coaching by Kathrin Schmid","og_url":"https:\/\/dascoachingbyks.de\/cms\/das-innere-team\/","og_site_name":"Das Coaching by Kathrin Schmid","article_published_time":"2022-10-11T18:36:47+00:00","og_image":[{"width":1920,"height":831,"url":"https:\/\/dascoachingbyks.de\/cms\/wp-content\/uploads\/2022\/10\/team-geef9a85ce_1920.jpg","type":"image\/jpeg"}],"author":"Karin","twitter_card":"summary_large_image","twitter_misc":{"Verfasst von":"Karin","Gesch\u00e4tzte Lesezeit":"7\u00a0Minuten"},"schema":{"@context":"https:\/\/schema.org","@graph":[{"@type":"Article","@id":"https:\/\/dascoachingbyks.de\/cms\/das-innere-team\/#article","isPartOf":{"@id":"https:\/\/dascoachingbyks.de\/cms\/das-innere-team\/"},"author":{"name":"Karin","@id":"https:\/\/dascoachingbyks.de\/cms\/#\/schema\/person\/5edfa7f0bbae67979652656d1ae1385a"},"headline":"Das innere Team","datePublished":"2022-10-11T18:36:47+00:00","dateModified":"2022-10-11T18:36:47+00:00","mainEntityOfPage":{"@id":"https:\/\/dascoachingbyks.de\/cms\/das-innere-team\/"},"wordCount":2034,"commentCount":0,"publisher":{"@id":"https:\/\/dascoachingbyks.de\/cms\/#organization"},"articleSection":["Uncategorized"],"inLanguage":"de","potentialAction":[{"@type":"CommentAction","name":"Comment","target":["https:\/\/dascoachingbyks.de\/cms\/das-innere-team\/#respond"]}]},{"@type":"WebPage","@id":"https:\/\/dascoachingbyks.de\/cms\/das-innere-team\/","url":"https:\/\/dascoachingbyks.de\/cms\/das-innere-team\/","name":"Das innere Team - Das Coaching by Kathrin Schmid","isPartOf":{"@id":"https:\/\/dascoachingbyks.de\/cms\/#website"},"datePublished":"2022-10-11T18:36:47+00:00","dateModified":"2022-10-11T18:36:47+00:00","breadcrumb":{"@id":"https:\/\/dascoachingbyks.de\/cms\/das-innere-team\/#breadcrumb"},"inLanguage":"de","potentialAction":[{"@type":"ReadAction","target":["https:\/\/dascoachingbyks.de\/cms\/das-innere-team\/"]}]},{"@type":"BreadcrumbList","@id":"https:\/\/dascoachingbyks.de\/cms\/das-innere-team\/#breadcrumb","itemListElement":[{"@type":"ListItem","position":1,"name":"Startseite","item":"https:\/\/dascoachingbyks.de\/cms\/"},{"@type":"ListItem","position":2,"name":"Das innere Team"}]},{"@type":"WebSite","@id":"https:\/\/dascoachingbyks.de\/cms\/#website","url":"https:\/\/dascoachingbyks.de\/cms\/","name":"Das Coaching by Kathrin Schmid","description":"Deinen Aufstieg Starten","publisher":{"@id":"https:\/\/dascoachingbyks.de\/cms\/#organization"},"potentialAction":[{"@type":"SearchAction","target":{"@type":"EntryPoint","urlTemplate":"https:\/\/dascoachingbyks.de\/cms\/?s={search_term_string}"},"query-input":"required name=search_term_string"}],"inLanguage":"de"},{"@type":"Organization","@id":"https:\/\/dascoachingbyks.de\/cms\/#organization","name":"das Coaching by KS","url":"https:\/\/dascoachingbyks.de\/cms\/","logo":{"@type":"ImageObject","inLanguage":"de","@id":"https:\/\/dascoachingbyks.de\/cms\/#\/schema\/logo\/image\/","url":"https:\/\/dascoachingbyks.de\/cms\/wp-content\/uploads\/2022\/06\/das-coaching-Logo2021-fin.jpg","contentUrl":"https:\/\/dascoachingbyks.de\/cms\/wp-content\/uploads\/2022\/06\/das-coaching-Logo2021-fin.jpg","width":2500,"height":1047,"caption":"das Coaching by KS"},"image":{"@id":"https:\/\/dascoachingbyks.de\/cms\/#\/schema\/logo\/image\/"}},{"@type":"Person","@id":"https:\/\/dascoachingbyks.de\/cms\/#\/schema\/person\/5edfa7f0bbae67979652656d1ae1385a","name":"Karin","image":{"@type":"ImageObject","inLanguage":"de","@id":"https:\/\/dascoachingbyks.de\/cms\/#\/schema\/person\/image\/","url":"https:\/\/secure.gravatar.com\/avatar\/5d5bb6780dcccd9ae9244c24b86e95b3?s=96&d=mm&r=g","contentUrl":"https:\/\/secure.gravatar.com\/avatar\/5d5bb6780dcccd9ae9244c24b86e95b3?s=96&d=mm&r=g","caption":"Karin"},"url":"https:\/\/dascoachingbyks.de\/cms\/author\/grafik\/"}]}},"_links":{"self":[{"href":"https:\/\/dascoachingbyks.de\/cms\/wp-json\/wp\/v2\/posts\/1027"}],"collection":[{"href":"https:\/\/dascoachingbyks.de\/cms\/wp-json\/wp\/v2\/posts"}],"about":[{"href":"https:\/\/dascoachingbyks.de\/cms\/wp-json\/wp\/v2\/types\/post"}],"author":[{"embeddable":true,"href":"https:\/\/dascoachingbyks.de\/cms\/wp-json\/wp\/v2\/users\/2"}],"replies":[{"embeddable":true,"href":"https:\/\/dascoachingbyks.de\/cms\/wp-json\/wp\/v2\/comments?post=1027"}],"version-history":[{"count":2,"href":"https:\/\/dascoachingbyks.de\/cms\/wp-json\/wp\/v2\/posts\/1027\/revisions"}],"predecessor-version":[{"id":1030,"href":"https:\/\/dascoachingbyks.de\/cms\/wp-json\/wp\/v2\/posts\/1027\/revisions\/1030"}],"wp:featuredmedia":[{"embeddable":true,"href":"https:\/\/dascoachingbyks.de\/cms\/wp-json\/wp\/v2\/media\/1029"}],"wp:attachment":[{"href":"https:\/\/dascoachingbyks.de\/cms\/wp-json\/wp\/v2\/media?parent=1027"}],"wp:term":[{"taxonomy":"category","embeddable":true,"href":"https:\/\/dascoachingbyks.de\/cms\/wp-json\/wp\/v2\/categories?post=1027"},{"taxonomy":"post_tag","embeddable":true,"href":"https:\/\/dascoachingbyks.de\/cms\/wp-json\/wp\/v2\/tags?post=1027"}],"curies":[{"name":"wp","href":"https:\/\/api.w.org\/{rel}","templated":true}]}}